{"id":602770,"date":"2025-12-16T10:04:20","date_gmt":"2025-12-16T10:04:20","guid":{"rendered":"https:\/\/www.europesays.com\/fr\/602770\/"},"modified":"2025-12-16T10:04:20","modified_gmt":"2025-12-16T10:04:20","slug":"romille-des-coussins-faits-main-pour-les-patients-deugene-marquis","status":"publish","type":"post","link":"https:\/\/www.europesays.com\/fr\/602770\/","title":{"rendered":"Romill\u00e9. Des coussins faits main pour les patients d\u2019Eug\u00e8ne-Marquis"},"content":{"rendered":"<p>Les r\u00e9sidents des Charmilles et de la Vall\u00e9e, \u00e0 B\u00e9cherel, ont particip\u00e9 \u00e0 un projet solidaire\u00a0: la cr\u00e9ation de coussins en forme de c\u0153ur destin\u00e9s aux patients du centre de canc\u00e9rologie Eug\u00e8ne-Marquis, \u00e0 Rennes. \u00ab<strong>\u00a0Ce moment de partage et de cr\u00e9ativit\u00e9 a permis \u00e0 chacun de s\u2019impliquer, de se sentir utile et de contribuer \u00e0 une belle cause<\/strong>\u00a0\u00bb, explique B\u00e9atrice Loyer, animatrice et coordinatrice de l\u2019Ehpad les Charmilles.<\/p>\n<p>Pour boucler ce projet, un tirage au sort a \u00e9t\u00e9 organis\u00e9 pour d\u00e9signer les livreurs de coussins. <strong> \u00a0<strong>Il y a eu beaucoup de rires, d\u2019\u00e9changes et de fiert\u00e9 d\u2019offrir un peu de r\u00e9confort<\/strong><\/strong>\u00a0\u00bb, indique l\u2019animatrice de l\u2019Ehpad.<\/p>\n<p>\u00a0<\/p>\n","protected":false},"excerpt":{"rendered":"Les r\u00e9sidents des Charmilles et de la Vall\u00e9e, \u00e0 B\u00e9cherel, ont particip\u00e9 \u00e0 un projet solidaire\u00a0: la cr\u00e9ation&hellip;\n","protected":false},"author":2,"featured_media":602771,"comment_status":"","ping_status":"","sticky":false,"template":"","format":"standard","meta":{"footnotes":""},"categories":[2821],"tags":[1111,11,829,71535,1777,67261,674,18768,1011,27,10041,12,18500,584,25,71534],"class_list":{"0":"post-602770","1":"post","2":"type-post","3":"status-publish","4":"format-standard","5":"has-post-thumbnail","7":"category-rennes","8":"tag-actu","9":"tag-actualites","10":"tag-bretagne","11":"tag-coussins","12":"tag-eu","13":"tag-eugene-marquis","14":"tag-europe","15":"tag-faits","16":"tag-fr","17":"tag-france","18":"tag-main","19":"tag-news","20":"tag-patients","21":"tag-rennes","22":"tag-republique-francaise","23":"tag-romille"},"share_on_mastodon":{"url":"https:\/\/pubeurope.com\/@fr\/115728683244894053","error":""},"_links":{"self":[{"href":"https:\/\/www.europesays.com\/fr\/wp-json\/wp\/v2\/posts\/602770","targetHints":{"allow":["GET"]}}],"collection":[{"href":"https:\/\/www.europesays.com\/fr\/wp-json\/wp\/v2\/posts"}],"about":[{"href":"https:\/\/www.europesays.com\/fr\/wp-json\/wp\/v2\/types\/post"}],"author":[{"embeddable":true,"href":"https:\/\/www.europesays.com\/fr\/wp-json\/wp\/v2\/users\/2"}],"replies":[{"embeddable":true,"href":"https:\/\/www.europesays.com\/fr\/wp-json\/wp\/v2\/comments?post=602770"}],"version-history":[{"count":0,"href":"https:\/\/www.europesays.com\/fr\/wp-json\/wp\/v2\/posts\/602770\/revisions"}],"wp:featuredmedia":[{"embeddable":true,"href":"https:\/\/www.europesays.com\/fr\/wp-json\/wp\/v2\/media\/602771"}],"wp:attachment":[{"href":"https:\/\/www.europesays.com\/fr\/wp-json\/wp\/v2\/media?parent=602770"}],"wp:term":[{"taxonomy":"category","embeddable":true,"href":"https:\/\/www.europesays.com\/fr\/wp-json\/wp\/v2\/categories?post=602770"},{"taxonomy":"post_tag","embeddable":true,"href":"https:\/\/www.europesays.com\/fr\/wp-json\/wp\/v2\/tags?post=602770"}],"curies":[{"name":"wp","href":"https:\/\/api.w.org\/{rel}","templated":true}]}}