{"id":602778,"date":"2025-12-16T10:09:14","date_gmt":"2025-12-16T10:09:14","guid":{"rendered":"https:\/\/www.europesays.com\/fr\/602778\/"},"modified":"2025-12-16T10:09:14","modified_gmt":"2025-12-16T10:09:14","slug":"oceanwell-choisit-nice-pour-piloter-son-developpement-europeen-dans-leau","status":"publish","type":"post","link":"https:\/\/www.europesays.com\/fr\/602778\/","title":{"rendered":"OceanWell choisit Nice pour piloter son d\u00e9veloppement europ\u00e9en dans l\u2019eau (\u2026)"},"content":{"rendered":"<p>                    <img loading=\"lazy\" decoding=\"async\" src=\"https:\/\/www.europesays.com\/fr\/wp-content\/uploads\/2025\/12\/c938ed99f3135d1f262b3fafb02d5f.png\" class=\"img-responsive post-image\" width=\"680\" height=\"510\" alt=\"OceanWell choisit Nice\" title=\"OceanWell choisit Nice pour piloter son d\u00e9veloppement europ\u00e9en dans l'eau dessal\u00e9e bas carbone\"\/><\/p>\n<p class=\"chapo\">La soci\u00e9t\u00e9 californienne OceanWell, sp\u00e9cialis\u00e9e dans la production d\u2019eau douce \u00e0 partir des profondeurs marines, a install\u00e9 son si\u00e8ge europ\u00e9en \u00e0 Nice. Une implantation strat\u00e9gique qui s\u2019appuie sur les caract\u00e9ristiques g\u00e9ographiques de la M\u00e9diterran\u00e9e, l\u2019\u00e9cosyst\u00e8me local de l\u2019\u00e9conomie bleue et des partenariats techniques engag\u00e9s avec les acteurs publics du territoire.<\/p>\n<p>\u00ab\u00a0Nice r\u00e9unit des atouts uniques pour d\u00e9ployer une technologie oc\u00e9anique avanc\u00e9e\u00a0: eaux profondes accessibles, capacit\u00e9s d\u2019essais en mer, expertise locale et \u00e9cosyst\u00e8me de recherche performant. L\u2019accueil r\u00e9serv\u00e9 par Team Nice C\u00f4te d\u2019Azur et la R\u00e9gie Eau d\u2019Azur confirme que la r\u00e9gion est l\u2019un des territoires les plus dynamiques au monde pour l\u2019\u00e9conomie bleue\u00a0\u00bb, pr\u00e9cise <strong>Jamie Spotswood, <\/strong> directeur principal du d\u00e9veloppement des entreprises d\u2019OceanWell.<\/p>\n<p>\u00ab\u00a0Water Farms\u00a0\u00bb<\/p>\n<p>Fond\u00e9e en Californie, OceanWell d\u00e9veloppe des <a href=\"https:\/\/fr.oceanwellwater.com\" class=\"spip_out\" rel=\"external noopener\" target=\"_blank\">syst\u00e8mes de production d\u2019eau douce<\/a>reposant sur une technologie d\u2019osmose inverse en eaux profondes. Contrairement aux usines de dessalement traditionnelles, <strong>ces \u00ab\u00a0Water Farms\u00a0\u00bb sous-marines modulaires exploitent la pression naturelle de l\u2019oc\u00e9an, r\u00e9duisant jusqu\u2019\u00e0 40\u00a0% la consommation \u00e9nerg\u00e9tique et limitant fortement les rejets de saumure<\/strong>. Les installations, con\u00e7ues sans infrastructure lourde en surface, int\u00e8grent \u00e9galement le dispositif LifeSafe\u2122 destin\u00e9 \u00e0 pr\u00e9server les \u00e9cosyst\u00e8mes marins.<br class=\"autobr\"\/><br \/>\nCette technologie a d\u00e9j\u00e0 \u00e9t\u00e9 \u00e9prouv\u00e9e dans plusieurs programmes pilotes en Californie, notamment avec le Las Virgenes Municipal Water District (LVMWD), ainsi que dans le cadre du concours international XPRIZE Water Scarcity, dot\u00e9 de 119 millions de dollars. OceanWell cible des d\u00e9bouch\u00e9s aupr\u00e8s des collectivit\u00e9s, de l\u2019industrie et des centres de donn\u00e9es, en qu\u00eate de solutions d\u2019approvisionnement en eau plus sobres et r\u00e9silientes.<\/p>\n<p>Tester ses syst\u00e8mes en conditions r\u00e9elles<\/p>\n<p>L\u2019implantation \u00e0 Nice s\u2019inscrit dans cette logique de d\u00e9ploiement industriel. La <strong>proximit\u00e9 imm\u00e9diate des grands fonds marins, rare en Europe,<\/strong> permet \u00e0 l\u2019entreprise de tester ses syst\u00e8mes en conditions r\u00e9elles. OceanWell a \u00e9galement nou\u00e9 un partenariat technique avec la R\u00e9gie Eau d\u2019Azur (REA), afin d\u2019explorer des applications locales et de pr\u00e9parer le d\u00e9veloppement d\u2019un futur d\u00e9monstrateur en M\u00e9diterran\u00e9e. <strong>\u00c0 horizon trois ans, la soci\u00e9t\u00e9 pr\u00e9voit la cr\u00e9ation d\u2019une vingtaine d\u2019emplois sur le territoire, principalement dans les domaines de l\u2019ing\u00e9nierie maritime, des syst\u00e8mes sous-marins et de la data environnementale. <\/strong> <br class=\"autobr\"\/><br \/>\n<strong>Pour Team Nice C\u00f4te d\u2019Azur, qui a accompagn\u00e9 le projet, cette implantation confirme l\u2019attractivit\u00e9 croissante du territoire pour les technologies li\u00e9es \u00e0 l\u2019oc\u00e9an.<\/strong><br class=\"autobr\"\/><br \/>\nL\u2019arriv\u00e9e d\u2019OceanWell intervient dans un contexte favorable pour la m\u00e9tropole ni\u00e7oise, renforc\u00e9e par l\u2019accueil en 2025 de la Conf\u00e9rence des Nations unies sur l\u2019Oc\u00e9an (UNOC) et du Nice Ocean Business Forum. Autant de signaux qui positionnent Nice comme un p\u00f4le europ\u00e9en de r\u00e9f\u00e9rence pour les solutions industrielles li\u00e9es \u00e0 la s\u00e9curit\u00e9 hydrique et \u00e0 la protection des milieux marins.<\/p>\n<p>Visuel de Une\u00a0: &#8211; Jamie Spotswood, Directeur principal du d\u00e9veloppement des entreprises d\u2019OceanWell (\u00e0 droite sur la photo) et une d\u00e9l\u00e9gation am\u00e9ricaine de l\u2019entreprise OceanWell, accompagn\u00e9s de Stefano Cimmarusti de Team Nice C\u00f4te d\u2019Azur (\u00e0 gauche) qui a coordonn\u00e9 l\u2019implantation de l\u2019entreprise, ont rencontr\u00e9 la R\u00e9gie Eau Azur, repr\u00e9sent\u00e9e par son directeur g\u00e9n\u00e9ral par int\u00e9rim, Arnaud Rostan (au centre sur la photo).<br class=\"autobr\"\/><br \/>\n\u00a9 Tous droits r\u00e9serves &#8211; TNCA<\/p>\n","protected":false},"excerpt":{"rendered":"La soci\u00e9t\u00e9 californienne OceanWell, sp\u00e9cialis\u00e9e dans la production d\u2019eau douce \u00e0 partir des profondeurs marines, a install\u00e9 son&hellip;\n","protected":false},"author":2,"featured_media":602779,"comment_status":"","ping_status":"","sticky":false,"template":"","format":"standard","meta":{"footnotes":""},"categories":[2819],"tags":[1111,11,2408,1777,674,1011,27,12,2401,882,25],"class_list":{"0":"post-602778","1":"post","2":"type-post","3":"status-publish","4":"format-standard","5":"has-post-thumbnail","7":"category-nice","8":"tag-actu","9":"tag-actualites","10":"tag-appels-d","11":"tag-eu","12":"tag-europe","13":"tag-fr","14":"tag-france","15":"tag-news","16":"tag-nice","17":"tag-provence-alpes-cote-dazur","18":"tag-republique-francaise"},"share_on_mastodon":{"url":"https:\/\/pubeurope.com\/@fr\/115728703613714972","error":""},"_links":{"self":[{"href":"https:\/\/www.europesays.com\/fr\/wp-json\/wp\/v2\/posts\/602778","targetHints":{"allow":["GET"]}}],"collection":[{"href":"https:\/\/www.europesays.com\/fr\/wp-json\/wp\/v2\/posts"}],"about":[{"href":"https:\/\/www.europesays.com\/fr\/wp-json\/wp\/v2\/types\/post"}],"author":[{"embeddable":true,"href":"https:\/\/www.europesays.com\/fr\/wp-json\/wp\/v2\/users\/2"}],"replies":[{"embeddable":true,"href":"https:\/\/www.europesays.com\/fr\/wp-json\/wp\/v2\/comments?post=602778"}],"version-history":[{"count":0,"href":"https:\/\/www.europesays.com\/fr\/wp-json\/wp\/v2\/posts\/602778\/revisions"}],"wp:featuredmedia":[{"embeddable":true,"href":"https:\/\/www.europesays.com\/fr\/wp-json\/wp\/v2\/media\/602779"}],"wp:attachment":[{"href":"https:\/\/www.europesays.com\/fr\/wp-json\/wp\/v2\/media?parent=602778"}],"wp:term":[{"taxonomy":"category","embeddable":true,"href":"https:\/\/www.europesays.com\/fr\/wp-json\/wp\/v2\/categories?post=602778"},{"taxonomy":"post_tag","embeddable":true,"href":"https:\/\/www.europesays.com\/fr\/wp-json\/wp\/v2\/tags?post=602778"}],"curies":[{"name":"wp","href":"https:\/\/api.w.org\/{rel}","templated":true}]}}