{"id":602781,"date":"2025-12-16T10:11:40","date_gmt":"2025-12-16T10:11:40","guid":{"rendered":"https:\/\/www.europesays.com\/fr\/602781\/"},"modified":"2025-12-16T10:11:40","modified_gmt":"2025-12-16T10:11:40","slug":"infographie-plus-on-est-riche-plus-on-vit-longtemps-en-france-selon-linsee","status":"publish","type":"post","link":"https:\/\/www.europesays.com\/fr\/602781\/","title":{"rendered":"INFOGRAPHIE. Plus on est riche, plus on vit longtemps en France, selon l\u2019Insee"},"content":{"rendered":"<p>Plus notre niveau de vie est \u00e9lev\u00e9, plus nous avons de chances de vivre longtemps. C\u2019est ce que r\u00e9v\u00e8lent <a href=\"https:\/\/www.insee.fr\/fr\/statistiques\/8679561\" target=\"_self\" rel=\"noopener\">les chiffres publi\u00e9s par l\u2019Insee<\/a>, ce lundi 15\u00a0d\u00e9cembre 2025 dans une \u00e9tude. Celle-ci porte sur une comparaison entre les p\u00e9riodes 2012-2016 \u00e0 2020-2024.<\/p>\n<p>Jusqu\u2019\u00e0 13\u00a0ans d\u2019\u00e9cart entre les hommes, 9\u00a0chez les femmes<\/p>\n<p>Chez les 5\u00a0% les plus ais\u00e9s l\u2019esp\u00e9rance de vie des hommes s\u2019\u00e9l\u00e8ve \u00e0 85\u00a0ans. \u00c0 l\u2019oppos\u00e9, parmi les 5\u00a0% aux revenus les plus modestes, les hommes ont une esp\u00e9rance de vie de 72\u00a0ans. Un \u00e9cart cons\u00e9quent de 13\u00a0ann\u00e9es, moins important chez les femmes, o\u00f9 l\u2019<a href=\"https:\/\/rennes.maville.com\/actu\/actudet_-demographie-moins-de-bebes-en-2024-mais-une-esperance-de-vie-stabilisee-pour-les-francais-_54135-6632716_actu.Htm\" target=\"_self\" rel=\"noopener\">esp\u00e9rance de vie<\/a> entre les plus modestes et les plus ais\u00e9es repr\u00e9sente 9\u00a0ans d\u2019\u00e9cart.\u00a0Les femmes aux revenus les plus modestes ont une esp\u00e9rance de vie avoisinant 80\u00a0ans tandis que celle des femmes plus ais\u00e9es, s\u2019approche des 89\u00a0ans.<\/p>\n<p>Cet \u00e9cart entre personnes modestes et ais\u00e9es s\u2019accro\u00eet sur les p\u00e9riodes 2012-2016 et 2020-2024.<\/p>\n<\/p>\n<p>De mani\u00e8re g\u00e9n\u00e9rale, les femmes vivent plus longtemps que les hommes\u00a0: leurs comportements seraient moins \u00e0 risque et leur suivi mieux pris en charge notamment lors de p\u00e9riode de grossesse. Par ailleurs, la dur\u00e9e de travail des femmes est encore aujourd\u2019hui inf\u00e9rieure \u00e0 celles des hommes.<\/p>\n<p>L\u2019\u00e9cart entre les femmes ais\u00e9es et les hommes ayant un revenu bas est encore plus flagrant\u00a0: elles vivent en moyenne 17\u00a0ans de plus que les hommes qui per\u00e7oivent de faibles revenus.<\/p>\n<p><strong>Lire aussi\u00a0:<\/strong>\u00a0<a href=\"https:\/\/nantes.maville.com\/actu\/actudet_-comprendre-les-chiffres-de-l-insee-les-pros-de-la-statistique-devoilent-leurs-coulisses-a-nantes-_8-7078476_actu.Htm\" target=\"_self\" rel=\"noopener\">Comprendre les chiffres de l\u2019Insee\u00a0: les pros de la statistique d\u00e9voilent leurs coulisses \u00e0 Nantes<\/a><\/p>\n<p>P\u00e9nibilit\u00e9 du travail, acc\u00e8s aux soins sont des indices<\/p>\n<p><a href=\"https:\/\/rennes.maville.com\/actu\/actudet_-a-rennes-une-soiree-debat-autour-du-travail-mercredi-a-l-espace-ouest-france-_7-6341977_actu.Htm\" target=\"_self\" rel=\"noopener\">Le crit\u00e8re de la p\u00e9nibilit\u00e9 du travail<\/a> n\u2019y est pas pour rien\u00a0: souvent les revenus plus faibles rel\u00e8vent de professions p\u00e9nibles qui ab\u00eement davantage les corps.<\/p>\n<p>Des disparit\u00e9s territoriales sont \u00e9galement notables\u00a0: on vit plus longtemps dans les Pays de la Loire et en Occitanie, tandis que c\u2019est dans les Hauts-de-France qu\u2019on vit le moins longtemps. \u00c0 niveau de vie \u00e9gal, les diff\u00e9rences culturelles, comportementales et <a href=\"https:\/\/rennes.maville.com\/actu\/actudet_-la-pollution-de-l-air-reduit-l-esperance-de-vie-mondiale-de-deux-ans-_54135-5278656_actu.Htm\" target=\"_self\" rel=\"noopener\">environnementales comme la pollution sont \u00e0 l\u2019origine de ces \u00e9carts<\/a>.<\/p>\n<\/p>\n<p>Les \u00e9carts tiennent \u00e9galement aux diff\u00e9rences d\u2019habitudes au sein des milieux sociaux modestes, chez qui <a href=\"https:\/\/rennes.maville.com\/actu\/actudet_-alcool-tabac-cocaine...-quels-regards-les-francais-portent-ils-sur-les-substances-addictives-_54135-6904085_actu.Htm\" target=\"_self\" rel=\"noopener\">la consommation de tabac et d\u2019alcool<\/a> est davantage pr\u00e9gnante. 21\u00a0% des adultes sans dipl\u00f4me ou avec un dipl\u00f4me inf\u00e9rieur au baccalaur\u00e9at fument quotidiennement, contre seulement 13\u00a0% des personnes dipl\u00f4m\u00e9es de l\u2019enseignement sup\u00e9rieur.<\/p>\n<p>Par extension, <a href=\"https:\/\/angers.maville.com\/actu\/actudet_-acces-aux-soins-les-inegalites-se-creusent-au-niveau-national-qu-en-est-il-en-maine-et-loire-_9-6882420_actu.Htm\" target=\"_self\" rel=\"noopener\">l\u2019acc\u00e8s aux soins<\/a> chez les cat\u00e9gories privil\u00e9gi\u00e9es favorise une esp\u00e9rance de vie plus longue\u00a0: parmi les 20\u00a0% les plus modestes, 3,2\u00a0% d\u00e9clarent avoir renonc\u00e9 pour des raisons financi\u00e8res \u00e0 des examens m\u00e9dicaux.<\/p>\n<p>\u00a0<\/p>\n","protected":false},"excerpt":{"rendered":"Plus notre niveau de vie est \u00e9lev\u00e9, plus nous avons de chances de vivre longtemps. C\u2019est ce que&hellip;\n","protected":false},"author":2,"featured_media":602782,"comment_status":"","ping_status":"","sticky":false,"template":"","format":"standard","meta":{"footnotes":""},"categories":[2818],"tags":[1111,11,1777,674,1011,27,230,2066,29723,766,12,2636,25,14660,8994],"class_list":{"0":"post-602781","1":"post","2":"type-post","3":"status-publish","4":"format-standard","5":"has-post-thumbnail","7":"category-nantes","8":"tag-actu","9":"tag-actualites","10":"tag-eu","11":"tag-europe","12":"tag-fr","13":"tag-france","14":"tag-infographie","15":"tag-insee","16":"tag-longtemps","17":"tag-nantes","18":"tag-news","19":"tag-pays-de-la-loire","20":"tag-republique-francaise","21":"tag-riche","22":"tag-vit"},"share_on_mastodon":{"url":"https:\/\/pubeurope.com\/@fr\/115728710704916115","error":""},"_links":{"self":[{"href":"https:\/\/www.europesays.com\/fr\/wp-json\/wp\/v2\/posts\/602781","targetHints":{"allow":["GET"]}}],"collection":[{"href":"https:\/\/www.europesays.com\/fr\/wp-json\/wp\/v2\/posts"}],"about":[{"href":"https:\/\/www.europesays.com\/fr\/wp-json\/wp\/v2\/types\/post"}],"author":[{"embeddable":true,"href":"https:\/\/www.europesays.com\/fr\/wp-json\/wp\/v2\/users\/2"}],"replies":[{"embeddable":true,"href":"https:\/\/www.europesays.com\/fr\/wp-json\/wp\/v2\/comments?post=602781"}],"version-history":[{"count":0,"href":"https:\/\/www.europesays.com\/fr\/wp-json\/wp\/v2\/posts\/602781\/revisions"}],"wp:featuredmedia":[{"embeddable":true,"href":"https:\/\/www.europesays.com\/fr\/wp-json\/wp\/v2\/media\/602782"}],"wp:attachment":[{"href":"https:\/\/www.europesays.com\/fr\/wp-json\/wp\/v2\/media?parent=602781"}],"wp:term":[{"taxonomy":"category","embeddable":true,"href":"https:\/\/www.europesays.com\/fr\/wp-json\/wp\/v2\/categories?post=602781"},{"taxonomy":"post_tag","embeddable":true,"href":"https:\/\/www.europesays.com\/fr\/wp-json\/wp\/v2\/tags?post=602781"}],"curies":[{"name":"wp","href":"https:\/\/api.w.org\/{rel}","templated":true}]}}