{"id":60279,"date":"2025-04-28T21:58:20","date_gmt":"2025-04-28T21:58:20","guid":{"rendered":"https:\/\/www.europesays.com\/fr\/60279\/"},"modified":"2025-04-28T21:58:20","modified_gmt":"2025-04-28T21:58:20","slug":"saint-etienne-la-ville-organise-une-reunion-publique-sur-les-quartiers-nord-ouest","status":"publish","type":"post","link":"https:\/\/www.europesays.com\/fr\/60279\/","title":{"rendered":"Saint-\u00c9tienne. La Ville organise une r\u00e9union publique sur les quartiers nord-ouest"},"content":{"rendered":"<p>La Ville de Saint-\u00c9tienne organise une r\u00e9union publique \u00e0 laquelle sont convi\u00e9s les habitants des quartiers nord-ouest de la ville\u00a0: Terrasse, Bergson, Bel Air, Momey, Le golf, Carnot, Montaud, C\u00f4te-Chaude, Michon et Grand-Clos.<\/p>\n<p>Ga\u00ebl Perdriau, le maire, et son \u00e9quipe municipale seront pr\u00e9sents pour pr\u00e9senter les projets en cours ainsi que pour un \u00e9change avec la population.<\/p>\n<p class=\"note\">Cette r\u00e9union aura lieu le mardi 6\u00a0mai \u00e0 19\u00a0heures, \u00e0 l\u2019Amicale la\u00efque de C\u00f4te-Chaude, 11 rue Andr\u00e9-Ch\u00e9nier.<\/p>\n","protected":false},"excerpt":{"rendered":"La Ville de Saint-\u00c9tienne organise une r\u00e9union publique \u00e0 laquelle sont convi\u00e9s les habitants des quartiers nord-ouest de&hellip;\n","protected":false},"author":2,"featured_media":30227,"comment_status":"","ping_status":"","sticky":false,"template":"","format":"standard","meta":{"footnotes":""},"categories":[9653],"tags":[1111,11,2430,1984,7539,1777,674,1011,27,12,316,25,4001,7538],"class_list":{"0":"post-60279","1":"post","2":"type-post","3":"status-publish","4":"format-standard","5":"has-post-thumbnail","7":"category-saint-etienne","8":"tag-actu","9":"tag-actualites","10":"tag-auvergne-rhone-alpes","11":"tag-conseil-municipal","12":"tag-edition-loire-sud","13":"tag-eu","14":"tag-europe","15":"tag-fr","16":"tag-france","17":"tag-news","18":"tag-politique","19":"tag-republique-francaise","20":"tag-saint-etienne","21":"tag-saint-etienne-ville"},"share_on_mastodon":{"url":"https:\/\/pubeurope.com\/@fr\/114417834651578925","error":""},"_links":{"self":[{"href":"https:\/\/www.europesays.com\/fr\/wp-json\/wp\/v2\/posts\/60279","targetHints":{"allow":["GET"]}}],"collection":[{"href":"https:\/\/www.europesays.com\/fr\/wp-json\/wp\/v2\/posts"}],"about":[{"href":"https:\/\/www.europesays.com\/fr\/wp-json\/wp\/v2\/types\/post"}],"author":[{"embeddable":true,"href":"https:\/\/www.europesays.com\/fr\/wp-json\/wp\/v2\/users\/2"}],"replies":[{"embeddable":true,"href":"https:\/\/www.europesays.com\/fr\/wp-json\/wp\/v2\/comments?post=60279"}],"version-history":[{"count":0,"href":"https:\/\/www.europesays.com\/fr\/wp-json\/wp\/v2\/posts\/60279\/revisions"}],"wp:featuredmedia":[{"embeddable":true,"href":"https:\/\/www.europesays.com\/fr\/wp-json\/wp\/v2\/media\/30227"}],"wp:attachment":[{"href":"https:\/\/www.europesays.com\/fr\/wp-json\/wp\/v2\/media?parent=60279"}],"wp:term":[{"taxonomy":"category","embeddable":true,"href":"https:\/\/www.europesays.com\/fr\/wp-json\/wp\/v2\/categories?post=60279"},{"taxonomy":"post_tag","embeddable":true,"href":"https:\/\/www.europesays.com\/fr\/wp-json\/wp\/v2\/tags?post=60279"}],"curies":[{"name":"wp","href":"https:\/\/api.w.org\/{rel}","templated":true}]}}