{"id":602793,"date":"2025-12-16T10:17:11","date_gmt":"2025-12-16T10:17:11","guid":{"rendered":"https:\/\/www.europesays.com\/fr\/602793\/"},"modified":"2025-12-16T10:17:11","modified_gmt":"2025-12-16T10:17:11","slug":"ilevia-annonce-une-grande-premiere-pour-la-nuit-du-nouvel-an","status":"publish","type":"post","link":"https:\/\/www.europesays.com\/fr\/602793\/","title":{"rendered":"Il\u00e9via annonce une grande premi\u00e8re pour la nuit du Nouvel An"},"content":{"rendered":"<p>                    Par<br \/>\n        <strong><br \/>\n            <a href=\"https:\/\/actu.fr\/auteur\/nicolas-demollien\" title=\"Consulter tous les articles de Nicolas Demollien\" target=\"_blank\" rel=\"noopener\">Nicolas Demollien<\/a><br \/>\n                    <\/strong><\/p>\n<p>        Publi\u00e9 le<\/p>\n<p>            16 d\u00e9c. 2025 \u00e0 11h03        <\/p>\n<p>C\u2019est un <b>dispositif compl\u00e8tement in\u00e9dit<\/b> que vient d\u2019annoncer l\u2019entreprise <a href=\"https:\/\/actu.fr\/tag\/ilevia\" target=\"_blank\" rel=\"noopener\">Il\u00e9via<\/a> pour la <b>nuit du Nouvel An 2026 <\/b>dans le <a href=\"https:\/\/actu.fr\/tag\/metro\" target=\"_blank\" rel=\"noopener\">m\u00e9tro<\/a> de <a href=\"https:\/\/actu.fr\/hauts-de-france\/lille_59350\" target=\"_blank\" rel=\"noopener\">Lille<\/a> (Nord). Et la nouvelle devrait faire particuli\u00e8rement <b>plaisir aux f\u00eatards<\/b> ! D\u00e9tails.<\/p>\n<p>M\u00e9tro Il\u00e9via : un dispositif nouveau et in\u00e9dit pour la nuit du Nouvel An 2026<\/p>\n<p data-end=\"628\" class=\" wall-content\">\u00ab\u00a0Pour la premi\u00e8re fois, le m\u00e9tro fonctionnera <b>sans interruption toute la nuit du 31 d\u00e9cembre 2025 au 1er janvier 2026<\/b>. Cette continuit\u00e9 de service sera <b>d\u00e9sormais reconduite chaque ann\u00e9e<\/b>\u00ab\u00a0, annonce l\u2019entreprise de <a href=\"https:\/\/actu.fr\/tag\/transport\" target=\"_blank\" rel=\"noopener\">transports<\/a> qui y voit l\u00e0 une fa\u00e7on de marquer son \u00ab\u00a0engagement \u00e0 <b>faciliter les d\u00e9placements festifs<\/b>, \u00e0 <b>s\u00e9curiser les retours<\/b> et \u00e0 offrir une <b>alternative fiable \u00e0 la voiture<\/b> individuelle\u00a0\u00bb.<\/p>\n<p data-end=\"1317\" class=\" wall-content\">Sur les deux lignes de m\u00e9tro, la fr\u00e9quence sera renforc\u00e9e en soir\u00e9e avec<b> un passage toutes les 3 \u00e0 4 min 20 pour la ligne 1<\/b> et <b>toutes les 4 min 30 \u00e0 6 minutes pour la ligne 2<\/b> entre 20 h et 1 h. <b>\u00c0 partir de 1 h, un passage est assur\u00e9 toutes les 6 \u00e0 8 minutes<\/b> sur les deux lignes.<\/p>\n<p data-end=\"1674\" class=\" wall-content\">\u00ab\u00a0Proposer un m\u00e9tro disponible toute la nuit du Nouvel An \u00e9tait une demande forte des voyageurs et nous sommes heureux de pouvoir y r\u00e9pondre\u00a0\u00bb, sourit Ronan Coatanea, directeur marketing et relations clients pour il\u00e9via.<\/p>\n<p data-end=\"1783\" class=\" wall-content\">Notons que le m\u00e9tro roulant toute la nuit,<b> la ligne de nuit N1 ne circulera pas<\/b> pendant la nuit de la Saint-Sylvestre.<\/p>\n<p>Renfort \u00e9galement pour le tramway et les parkings-relais<\/p>\n<p data-end=\"2118\" class=\" wall-content\">L<b>\u2018amplitude du tramway sera \u00e9galement \u00e9tendue<\/b>, avec un dernier d\u00e9part \u00e0 1 h 25 de Lille Flandres vers Roubaix Eurot\u00e9l\u00e9port et \u00e0 1 h 35 de\u00a0 Lille Flandres vers Tourcoing centre. \u00ab\u00a0La fr\u00e9quence sera de 15 minutes sur le tronc commun toute la soir\u00e9e, jusqu\u2019\u00e0 la fin de service\u00a0\u00bb.<\/p>\n<p>Votre r\u00e9gion, votre actu !<\/p>\n<p>Recevez chaque jour les infos qui comptent pour vous.<\/p>\n<p>\t<a href=\"https:\/\/actu.fr\/newsletter\" class=\"ac-btn ac-btn--corner ac-btn--medium ac-btn--blue800\" target=\"_blank\" rel=\"noopener\">S&rsquo;incrire<\/a><\/p>\n<p data-end=\"2271\" class=\" wall-content\">Par ailleurs, les <b>parkings-relais de la m\u00e9tropole lilloise resteront ouverts<\/b> et accessibles toute la nuit, \u00e0 l\u2019exception de ceux desservant uniquement des gares TER.<\/p>\n<p>Et le 1er janvier ?<\/p>\n<p data-end=\"2418\" class=\" wall-content\">Pour le 1er janvier 2026, enfin, le m\u00e9tro, le tramway et les bus circuleront selon les horaires \u00ab\u00a0Dimanche et jours f\u00e9ri\u00e9s\u00a0\u00bb, indique Il\u00e9via.<\/p>\n<p class=\" wall-content\">Personnalisez votre actualit\u00e9 en ajoutant vos villes et m\u00e9dias en favori avec <a href=\"https:\/\/moncompte.actu.fr\" title=\"D\u00e9couvez Mon Actu\" rel=\"nofollow noopener\" data-trk=\"{&quot;cta&quot;:{&quot;action&quot;:&quot;https:\\\/\\\/moncompte.actu.fr&quot;,&quot;category&quot;:&quot;mon compte&quot;,&quot;from&quot;:&quot;article footer&quot;,&quot;name&quot;:&quot;Mon actu&quot;,&quot;type&quot;:&quot;cta&quot;}}\" target=\"_blank\">Mon Actu<\/a>.<\/p>\n","protected":false},"excerpt":{"rendered":"Par Nicolas Demollien Publi\u00e9 le 16 d\u00e9c. 2025 \u00e0 11h03 C\u2019est un dispositif compl\u00e8tement in\u00e9dit que vient d\u2019annoncer&hellip;\n","protected":false},"author":2,"featured_media":602794,"comment_status":"","ping_status":"","sticky":false,"template":"","format":"standard","meta":{"footnotes":""},"categories":[2815],"tags":[1111,11,1777,674,1011,27,811,4288,1307,4047,12,25,104,2803],"class_list":{"0":"post-602793","1":"post","2":"type-post","3":"status-publish","4":"format-standard","5":"has-post-thumbnail","7":"category-lille","8":"tag-actu","9":"tag-actualites","10":"tag-eu","11":"tag-europe","12":"tag-fr","13":"tag-france","14":"tag-hauts-de-france","15":"tag-ilevia","16":"tag-lille","17":"tag-metro","18":"tag-news","19":"tag-republique-francaise","20":"tag-societe","21":"tag-transport"},"share_on_mastodon":{"url":"https:\/\/pubeurope.com\/@fr\/115728734241069501","error":""},"_links":{"self":[{"href":"https:\/\/www.europesays.com\/fr\/wp-json\/wp\/v2\/posts\/602793","targetHints":{"allow":["GET"]}}],"collection":[{"href":"https:\/\/www.europesays.com\/fr\/wp-json\/wp\/v2\/posts"}],"about":[{"href":"https:\/\/www.europesays.com\/fr\/wp-json\/wp\/v2\/types\/post"}],"author":[{"embeddable":true,"href":"https:\/\/www.europesays.com\/fr\/wp-json\/wp\/v2\/users\/2"}],"replies":[{"embeddable":true,"href":"https:\/\/www.europesays.com\/fr\/wp-json\/wp\/v2\/comments?post=602793"}],"version-history":[{"count":0,"href":"https:\/\/www.europesays.com\/fr\/wp-json\/wp\/v2\/posts\/602793\/revisions"}],"wp:featuredmedia":[{"embeddable":true,"href":"https:\/\/www.europesays.com\/fr\/wp-json\/wp\/v2\/media\/602794"}],"wp:attachment":[{"href":"https:\/\/www.europesays.com\/fr\/wp-json\/wp\/v2\/media?parent=602793"}],"wp:term":[{"taxonomy":"category","embeddable":true,"href":"https:\/\/www.europesays.com\/fr\/wp-json\/wp\/v2\/categories?post=602793"},{"taxonomy":"post_tag","embeddable":true,"href":"https:\/\/www.europesays.com\/fr\/wp-json\/wp\/v2\/tags?post=602793"}],"curies":[{"name":"wp","href":"https:\/\/api.w.org\/{rel}","templated":true}]}}