{"id":602795,"date":"2025-12-16T10:18:38","date_gmt":"2025-12-16T10:18:38","guid":{"rendered":"https:\/\/www.europesays.com\/fr\/602795\/"},"modified":"2025-12-16T10:18:38","modified_gmt":"2025-12-16T10:18:38","slug":"narcotrafic-le-proces-dabdelkader-bouguettaia-sest-ouvert-a-lille-actualites","status":"publish","type":"post","link":"https:\/\/www.europesays.com\/fr\/602795\/","title":{"rendered":"Narcotrafic: le proc\u00e8s d&rsquo;Abdelkader Bouguettaia s&rsquo;est ouvert \u00e0 Lille : Actualit\u00e9s"},"content":{"rendered":"<p class=\"lead \">Accus\u00e9 d&rsquo;avoir orchestr\u00e9 des importations massives de coca\u00efne, Abdelkader Bouguettaia a assur\u00e9 lundi qu&rsquo;il n&rsquo;avait \u00ab\u00a0jamais fui\u00a0\u00bb la France, alors qu&rsquo;il r\u00e9sidait \u00e0 Duba\u00ef lors de ses trois condamnations, en son absence, \u00e0 des peines allant jusqu&rsquo;\u00e0 15 ans de prison.<\/p>\n<p class=\"lead \">Abdelkader Bouguettaia, 38 ans, est apparu dans son box avec des lunettes aux verres \u00e9pais sur le nez, le cr\u00e2ne et la barbe ras\u00e9s, au premier jour de son nouveau proc\u00e8s \u00e0 Lille.<\/p>\n<p class=\"lead \">Il a rejoint le nouveau quartier de lutte contre la criminalit\u00e9 organis\u00e9e (QLCO) de la prison de haute s\u00e9curit\u00e9 de Cond\u00e9-sur-Sarthe (Orne) \u00ab\u00a0\u00e0 quelques jours de l&rsquo;audience\u00a0\u00bb, a soulign\u00e9 lundi l&rsquo;une de ses avocates, qui voit dans ce transfert une manoeuvre pour le pr\u00e9senter comme \u00ab\u00a0un troph\u00e9e\u00a0\u00bb que la justice voudrait \u00ab\u00a0brandir\u00a0\u00bb.<\/p>\n<p class=\"lead \">Celui qui est surnomm\u00e9 \u00ab\u00a0Bibi\u00a0\u00bb a \u00e9t\u00e9 condamn\u00e9 en 2022, 2023 et 2024 \u00e0 Lille, deux fois \u00e0 neuf ans et une fois \u00e0 15 ans de r\u00e9clusion criminelle, pour des importations de coca\u00efne ayant eu lieu entre 2019 et 2021.<\/p>\n<p class=\"lead \">Mais ces proc\u00e8s se sont tenus en son absence car il r\u00e9sidait \u00e0 l&rsquo;\u00e9poque \u00e0 Duba\u00ef, d&rsquo;o\u00f9 il aurait continu\u00e9 \u00e0 piloter le trafic de coca\u00efne par le port du Havre, sa ville natale, selon les investigations.<\/p>\n<p class=\"lead \">\u00ab\u00a0Je n&rsquo;ai jamais fui\u00a0\u00bb, s&rsquo;est d\u00e9fendu lundi le pr\u00e9venu \u00e0 ce sujet. \u00ab\u00a0Quand je suis parti de la France vers l&rsquo;\u00e9tranger, je n&rsquo;avais aucun probl\u00e8me avec la justice\u00a0\u00bb, a-t-il assur\u00e9.<\/p>\n<p class=\"lead \">Apr\u00e8s son extradition en juin dernier vers la France, Abdelkader Bouguettaia n&rsquo;a pas acquiesc\u00e9 \u00e0 ses trois condamnations, ouvrant la voie \u00e0 de nouveaux proc\u00e8s, regroup\u00e9s en un seul sur trois jours devant la Juridiction interr\u00e9gionale sp\u00e9cialis\u00e9e (Jirs) de Lille.<\/p>\n<p class=\"lead \">La matin\u00e9e du premier jour d&rsquo;audience s&rsquo;est principalement concentr\u00e9e sur divers points de proc\u00e9dure, les trois avocates de M. Bouguettaia d\u00e9non\u00e7ant les conditions de l&rsquo;extradition de leur client, de l&rsquo;instruction puis du proc\u00e8s et demandant le huis clos ou le renvoi de l&rsquo;audience \u00e0 une date ult\u00e9rieure, sans succ\u00e8s.<\/p>\n<p class=\"lead \">&#8211; M\u00e9thodes d&rsquo;intimidation violentes &#8211;<\/p>\n<p class=\"lead \">\u00ab\u00a0Je suis un \u00eatre humain, je suis un citoyen fran\u00e7ais, j&rsquo;ai travaill\u00e9 ici en France, j&rsquo;ai pay\u00e9 mes imp\u00f4ts (&#8230;). Je suis qui pour qu&rsquo;on ne respecte pas mes droits?\u00a0\u00bb, a accus\u00e9 Abdelkader Bouguettaia dans une col\u00e8re contenue.<\/p>\n<p class=\"lead \">Les trois dossiers rejug\u00e9s cette semaine portent sur plusieurs saisies de coca\u00efne au port du Havre, pour un total de plus de deux tonnes de drogue, rappelle un dossier de presse du parquet de Lille.<\/p>\n<p class=\"lead \">Dans chacun de ces dossiers, les investigations ont permis d&rsquo;identifier Abdelkader Bouguettaia comme l&rsquo;un des principaux commanditaires de ces importations.<\/p>\n<p class=\"lead \">Dans l&rsquo;un des dossiers, portant sur la d\u00e9couverte de 141 kgs de coca\u00efne en f\u00e9vrier 2019, un t\u00e9moin a identifi\u00e9 \u00ab\u00a0deux commanditaires, dont Abdelkader Bouguettaia\u00a0\u00bb, avant de se r\u00e9tracter en 2021, selon le parquet. Une r\u00e9tractation n\u00e9goci\u00e9e par M. Bouguettaia en \u00e9change d&rsquo;une \u00ab\u00a0somme d&rsquo;argent substantielle\u00a0\u00bb, a \u00e9tabli l&rsquo;enqu\u00eate.<\/p>\n<p class=\"lead \">Certaines de ces importations \u00e9taient effectu\u00e9es via \u00ab\u00a0des cargaisons l\u00e9gales de g\u00e9latines de boeuf et de lames de bois en provenance d&rsquo;Am\u00e9rique du Sud, notamment du Br\u00e9sil\u00a0\u00bb, ou encore \u00ab\u00a0dans un conteneur de miettes de thon sous vide en provenance d&rsquo;Equateur\u00a0\u00bb.<\/p>\n<p class=\"lead \">Un de ses collaborateurs pr\u00e9sum\u00e9s avait affirm\u00e9, lors d&rsquo;un interrogatoire dont l&rsquo;AFP a pu lire le proc\u00e8s-verbal, que M. Bouguettaia \u00e9tait associ\u00e9 avec un haut responsable de la distribution de coca\u00efne aux Pays-Bas et qu&rsquo;il g\u00e9rait la \u00ab\u00a0r\u00e9ception de la marchandise\u00a0\u00bb au Havre, ainsi qu&rsquo;\u00e0 Paris et \u00e0 Anvers, en Belgique.<\/p>\n<p class=\"lead \">Ses m\u00e9thodes d&rsquo;intimidation \u00e9taient violentes, poursuivait ce t\u00e9moin: l&rsquo;envoi de photos de membres de sa famille sans autre message, celui d&rsquo;hommes de main quand il r\u00e9pond trop lentement \u00e0 un message ou qu&rsquo;il refuse une mission.<\/p>\n<p class=\"lead \">M. Bouguettaia a en outre \u00e9t\u00e9 mis en examen en juin \u00e0 Paris, notamment pour \u00ab\u00a0importation de stup\u00e9fiants en bande organis\u00e9e en r\u00e9cidive\u00a0\u00bb dans une autre affaire, portant sur l&rsquo;importation d&rsquo;un conteneur contenant 2,5 tonnes de coca\u00efne arriv\u00e9 au Havre depuis la Colombie.<\/p>\n<p class=\"small font-weight-bold text-gray3 \"> publi\u00e9 le 15 d\u00e9cembre \u00e0 13h56, AFP<\/p>\n<p>                             Partager<\/p>\n","protected":false},"excerpt":{"rendered":"Accus\u00e9 d&rsquo;avoir orchestr\u00e9 des importations massives de coca\u00efne, Abdelkader Bouguettaia a assur\u00e9 lundi qu&rsquo;il n&rsquo;avait \u00ab\u00a0jamais fui\u00a0\u00bb la&hellip;\n","protected":false},"author":2,"featured_media":602796,"comment_status":"","ping_status":"","sticky":false,"template":"","format":"standard","meta":{"footnotes":""},"categories":[2815],"tags":[1111,11,20712,3992,1777,674,1011,27,811,1307,12,4780,25],"class_list":{"0":"post-602795","1":"post","2":"type-post","3":"status-publish","4":"format-standard","5":"has-post-thumbnail","7":"category-lille","8":"tag-actu","9":"tag-actualites","10":"tag-cocane","11":"tag-drogues","12":"tag-eu","13":"tag-europe","14":"tag-fr","15":"tag-france","16":"tag-hauts-de-france","17":"tag-lille","18":"tag-news","19":"tag-procs","20":"tag-republique-francaise"},"share_on_mastodon":{"url":"https:\/\/pubeurope.com\/@fr\/115728738183762743","error":""},"_links":{"self":[{"href":"https:\/\/www.europesays.com\/fr\/wp-json\/wp\/v2\/posts\/602795","targetHints":{"allow":["GET"]}}],"collection":[{"href":"https:\/\/www.europesays.com\/fr\/wp-json\/wp\/v2\/posts"}],"about":[{"href":"https:\/\/www.europesays.com\/fr\/wp-json\/wp\/v2\/types\/post"}],"author":[{"embeddable":true,"href":"https:\/\/www.europesays.com\/fr\/wp-json\/wp\/v2\/users\/2"}],"replies":[{"embeddable":true,"href":"https:\/\/www.europesays.com\/fr\/wp-json\/wp\/v2\/comments?post=602795"}],"version-history":[{"count":0,"href":"https:\/\/www.europesays.com\/fr\/wp-json\/wp\/v2\/posts\/602795\/revisions"}],"wp:featuredmedia":[{"embeddable":true,"href":"https:\/\/www.europesays.com\/fr\/wp-json\/wp\/v2\/media\/602796"}],"wp:attachment":[{"href":"https:\/\/www.europesays.com\/fr\/wp-json\/wp\/v2\/media?parent=602795"}],"wp:term":[{"taxonomy":"category","embeddable":true,"href":"https:\/\/www.europesays.com\/fr\/wp-json\/wp\/v2\/categories?post=602795"},{"taxonomy":"post_tag","embeddable":true,"href":"https:\/\/www.europesays.com\/fr\/wp-json\/wp\/v2\/tags?post=602795"}],"curies":[{"name":"wp","href":"https:\/\/api.w.org\/{rel}","templated":true}]}}