{"id":602801,"date":"2025-12-16T10:22:09","date_gmt":"2025-12-16T10:22:09","guid":{"rendered":"https:\/\/www.europesays.com\/fr\/602801\/"},"modified":"2025-12-16T10:22:09","modified_gmt":"2025-12-16T10:22:09","slug":"tcl-a-lyon-un-homme-coince-sous-le-metro-a-part-dieu-de-nombreux-secouristes-deployes","status":"publish","type":"post","link":"https:\/\/www.europesays.com\/fr\/602801\/","title":{"rendered":"TCL \u00e0 Lyon. Un homme coinc\u00e9 sous le m\u00e9tro \u00e0 Part-Dieu, de nombreux secouristes d\u00e9ploy\u00e9s"},"content":{"rendered":"<p>                    Par<br \/>\n        <strong><br \/>\n            <a href=\"https:\/\/actu.fr\/auteur\/julien-damboise\" title=\"Consulter tous les articles de Julien Damboise\" target=\"_blank\" rel=\"noopener\">Julien Damboise<\/a><br \/>\n                    <\/strong><\/p>\n<p>        Publi\u00e9 le<\/p>\n<p>            16 d\u00e9c. 2025 \u00e0 11h02        <\/p>\n<p>La ligne B du m\u00e9tro <a href=\"https:\/\/actu.fr\/tag\/transports-en-commun-lyonnais-tcl\" target=\"_blank\" rel=\"noopener\">TCL<\/a> \u00e0 Lyon a \u00e9t\u00e9 coup\u00e9e un moment ce lundi 15 d\u00e9cembre au soir. En cause, un homme qui <strong>aurait tent\u00e9 de se suicider<\/strong> en se jetant sous une rame \u00e0 la station <a href=\"https:\/\/actu.fr\/tag\/lyon-part-dieu\" target=\"_blank\" rel=\"noopener\">Part-Dieu<\/a>. La victime a \u00e9t\u00e9 transport\u00e9e \u00e0 l\u2019h\u00f4pital par les secours.<\/p>\n<p>\u00c0 la station Part-Dieu<\/p>\n<p class=\" wall-content\">Les faits se sont d\u00e9roul\u00e9s au sein de la station du m\u00e9tro B de <a href=\"https:\/\/actu.fr\/lyon\/\" target=\"_blank\" rel=\"noopener\">Lyon<\/a> Part-Dieu. Vers 22 h, un individu est tomb\u00e9 sur les rails avant de se retrouver <strong>coinc\u00e9 sous la rame<\/strong> qui venait d\u2019arriver.<\/p>\n<p class=\" wall-content\">Plus d\u2019une vingtaine de secouristes ont \u00e9t\u00e9 mobilis\u00e9s pour aider la victime alors que la circulation sur la ligne a \u00e9t\u00e9 <strong>interrompue en urgence<\/strong>.<\/p>\n<p class=\" wall-content\">\n<p>Transport\u00e9 \u00e0 l\u2019h\u00f4pital<\/p>\n<p class=\" wall-content\">L\u2019homme a finalement \u00e9t\u00e9 d\u00e9gag\u00e9 et m\u00e9dicalis\u00e9 puis transport\u00e9 \u00e0 l\u2019h\u00f4pital sans que son pronostic vital soit engag\u00e9.<\/p>\n<p class=\" wall-content\">D\u2019apr\u00e8s une t\u00e9moin du drame, l\u2019homme concern\u00e9 aurait tent\u00e9 de se suicider. Il aurait \u00e9t\u00e9 percut\u00e9 par le m\u00e9tro, <strong>brisant une vitre de la rame<\/strong> lors de l\u2019impact.<\/p>\n<p class=\" wall-content\">Une enqu\u00eate pourrait \u00eatre ouverte pour d\u00e9terminer les circonstances pr\u00e9cises.<\/p>\n<p class=\" wall-content\">Personnalisez votre actualit\u00e9 en ajoutant vos villes et m\u00e9dias en favori avec <a href=\"https:\/\/moncompte.actu.fr\" title=\"D\u00e9couvez Mon Actu\" rel=\"nofollow noopener\" data-trk=\"{&quot;cta&quot;:{&quot;action&quot;:&quot;https:\\\/\\\/moncompte.actu.fr&quot;,&quot;category&quot;:&quot;mon compte&quot;,&quot;from&quot;:&quot;article footer&quot;,&quot;name&quot;:&quot;Mon actu&quot;,&quot;type&quot;:&quot;cta&quot;}}\" target=\"_blank\">Mon Actu<\/a>.<\/p>\n","protected":false},"excerpt":{"rendered":"Par Julien Damboise Publi\u00e9 le 16 d\u00e9c. 2025 \u00e0 11h02 La ligne B du m\u00e9tro TCL \u00e0 Lyon&hellip;\n","protected":false},"author":2,"featured_media":602802,"comment_status":"","ping_status":"","sticky":false,"template":"","format":"standard","meta":{"footnotes":""},"categories":[1889],"tags":[1111,11,2430,1777,674,118,1011,27,2428,6178,4047,12,25,5787],"class_list":{"0":"post-602801","1":"post","2":"type-post","3":"status-publish","4":"format-standard","5":"has-post-thumbnail","7":"category-lyon","8":"tag-actu","9":"tag-actualites","10":"tag-auvergne-rhone-alpes","11":"tag-eu","12":"tag-europe","13":"tag-faits-divers","14":"tag-fr","15":"tag-france","16":"tag-lyon","17":"tag-lyon-part-dieu","18":"tag-metro","19":"tag-news","20":"tag-republique-francaise","21":"tag-transports-en-commun-lyonnais-tcl"},"share_on_mastodon":{"url":"https:\/\/pubeurope.com\/@fr\/115728753819961503","error":""},"_links":{"self":[{"href":"https:\/\/www.europesays.com\/fr\/wp-json\/wp\/v2\/posts\/602801","targetHints":{"allow":["GET"]}}],"collection":[{"href":"https:\/\/www.europesays.com\/fr\/wp-json\/wp\/v2\/posts"}],"about":[{"href":"https:\/\/www.europesays.com\/fr\/wp-json\/wp\/v2\/types\/post"}],"author":[{"embeddable":true,"href":"https:\/\/www.europesays.com\/fr\/wp-json\/wp\/v2\/users\/2"}],"replies":[{"embeddable":true,"href":"https:\/\/www.europesays.com\/fr\/wp-json\/wp\/v2\/comments?post=602801"}],"version-history":[{"count":0,"href":"https:\/\/www.europesays.com\/fr\/wp-json\/wp\/v2\/posts\/602801\/revisions"}],"wp:featuredmedia":[{"embeddable":true,"href":"https:\/\/www.europesays.com\/fr\/wp-json\/wp\/v2\/media\/602802"}],"wp:attachment":[{"href":"https:\/\/www.europesays.com\/fr\/wp-json\/wp\/v2\/media?parent=602801"}],"wp:term":[{"taxonomy":"category","embeddable":true,"href":"https:\/\/www.europesays.com\/fr\/wp-json\/wp\/v2\/categories?post=602801"},{"taxonomy":"post_tag","embeddable":true,"href":"https:\/\/www.europesays.com\/fr\/wp-json\/wp\/v2\/tags?post=602801"}],"curies":[{"name":"wp","href":"https:\/\/api.w.org\/{rel}","templated":true}]}}