{"id":602805,"date":"2025-12-16T10:25:12","date_gmt":"2025-12-16T10:25:12","guid":{"rendered":"https:\/\/www.europesays.com\/fr\/602805\/"},"modified":"2025-12-16T10:25:12","modified_gmt":"2025-12-16T10:25:12","slug":"paris-anne-hidalgo-envisage-le-futur-du-bhv-marais-et-veut-y-installer-des-logements-sociaux","status":"publish","type":"post","link":"https:\/\/www.europesays.com\/fr\/602805\/","title":{"rendered":"Paris. Anne Hidalgo envisage le futur du BHV Marais et veut y installer des logements sociaux"},"content":{"rendered":"<p>                    Par<br \/>\n        <strong><br \/>\n            <a href=\"https:\/\/actu.fr\/auteur\/thomas-rideau\" title=\"Consulter tous les articles de Thomas Rideau\" target=\"_blank\" rel=\"noopener\">Thomas Rideau<\/a><br \/>\n                    <\/strong><\/p>\n<p>        Publi\u00e9 le<\/p>\n<p>            16 d\u00e9c. 2025 \u00e0 11h07        <\/p>\n<p>Lors de <strong>l\u2019ouverture du Conseil<\/strong> de <a href=\"https:\/\/actu.fr\/paris\/\" target=\"_blank\" rel=\"noopener\">Paris<\/a>, ce mardi 16\u00a0d\u00e9cembre 2025, <a href=\"https:\/\/actu.fr\/tag\/anne-hidalgo\" target=\"_blank\" rel=\"noopener\">Anne Hidalgo<\/a> a envisag\u00e9 l\u2019avenir du <a href=\"https:\/\/actu.fr\/ile-de-france\/paris_75056\/noel-la-mairie-de-paris-fait-subir-un-nouveau-camouflet-au-bhv-deja-fragilise-par-l-arrivee-de-shein_63457969.html\" target=\"_blank\" rel=\"noopener\">BHV Marais<\/a> et en a profit\u00e9 pour faire une annonce inattendue\u2009: si les conditions le permettent, la ville se mettra <strong>\u00ab\u2009en situation d\u2019acqu\u00e9rir le b\u00e2timent\u2009\u00bb<\/strong>. Une annonce qui tombe alors que le grand magasin est en crise et que le propri\u00e9taire actuel, Fr\u00e9d\u00e9ric Merlin, est \u00e0 la recherche de partenaires pour acheter les murs du magasin, comme le pr\u00e9cisent nos confr\u00e8res de <a href=\"https:\/\/www.bfmtv.com\/economie\/entreprises\/le-bazar-de-l-hotel-de-ville-n-a-jamais-aussi-bien-porte-son-nom-semaine-decisive-pour-frederic-merlin-qui-tente-de-racheter-les-murs-du-bhv_AN-202512150033.html\" target=\"_blank\" rel=\"noopener\">BFM<\/a>.<\/p>\n<p>Bient\u00f4t des logements sociaux au BHV Maris\u2009?<\/p>\n<p class=\" wall-content\">Le BHV \u00ab\u2009suscite de fortes inqui\u00e9tudes pour l\u2019emploi\u2009\u00bb, a gliss\u00e9 la maire de Paris. Rappelez-vous, en octobre, avec l\u2019arriv\u00e9e de Shein, <strong>la Banque des Territoires<\/strong> a retir\u00e9 son offre pour \u00ab\u2009rupture de confiance\u2009\u00bb et ne souhaite donc plus participer au rachat des murs du BHV. Mais le temps presse. En effet, ce 19\u00a0d\u00e9cembre, la promesse de vente arrive \u00e0 \u00e9ch\u00e9ance et le patron du BHV<strong> doit r\u00e9unir 300\u00a0millions d\u2019euros<\/strong> pour racheter les murs. Seul\u2009? Le peut-il\u2009? Selon nos confr\u00e8res, la confusion r\u00e8gne entre les murs du grand magasin. D\u2019apr\u00e8s\u00a0<a href=\"https:\/\/www.linforme.com\/immobilier\/article\/les-nouvelles-pistes-de-frederic-merlin-pour-racheter-les-murs-du-bhv_3386.html\" target=\"_blank\" rel=\"noopener\">L\u2019inform\u00e9<\/a>, des<strong> fonds d\u2019investissement \u00e9trangers<\/strong> seraient int\u00e9ress\u00e9s et des discussions sont en cours.<\/p>\n<p class=\" wall-content\">En attendant une r\u00e9solution dans le priv\u00e9, <strong>la ville de Paris<\/strong> se tient pr\u00eate pour tout simplement \u00ab\u2009acqu\u00e9rir le b\u00e2timent\u2009\u00bb. \u00ab\u2009Si l\u2019activit\u00e9 \u00e9conomique quittait ce lieu, nous ferons de cet espace BHV un beau lieu mixte tout en pr\u00e9servant une activit\u00e9 commerciale et qui est utile aux Parisiens\u2009\u00bb, a annonc\u00e9 la maire.<\/p>\n<p class=\" wall-content\"><a href=\"https:\/\/www.instagram.com\/reel\/DSUayqvjd8Z\/embed\" title=\"Ouvrir le lien sur Instagram\" target=\"_blank\" rel=\"noopener\">Visualiser le contenu sur Instagram<\/a><\/p>\n<p class=\" wall-content\">Une annonce qui tombe en pleine n\u00e9gociation pour le rachat des murs, mais aussi, alors que les ventes s\u2019effondrent et <a href=\"https:\/\/actu.fr\/ile-de-france\/paris_75056\/shein-au-bhv-dior-guerlain-sandro-et-d-autres-marques-desertent-le-grand-magasin-parisien_63435577.html\" target=\"_blank\" rel=\"noopener\">que les marques plient bagage<\/a>.<\/p>\n<p class=\" wall-content\">Concr\u00e8tement, la mairie veut faire du BHV <strong>des logements \u00e0 loyers abordables<\/strong> et des logements sociaux. \u00ab\u2009La question du logement est une question centrale\u2009\u00bb, a rappel\u00e9 Anne Hidalgo. Un v\u0153u d\u00e9pos\u00e9 par la majorit\u00e9 qui va dans ce sens sera propos\u00e9 au Conseil de Paris. Dans la majorit\u00e9, R\u00e9mi F\u00e9raud (Paris en commun) a d\u00e9j\u00e0 salu\u00e9 \u00ab\u2009cette annonce\u2009\u00bb.<\/p>\n<p class=\" wall-content\">Personnalisez votre actualit\u00e9 en ajoutant vos villes et m\u00e9dias en favori avec <a href=\"https:\/\/moncompte.actu.fr\" title=\"D\u00e9couvez Mon Actu\" rel=\"nofollow noopener\" data-trk=\"{&quot;cta&quot;:{&quot;action&quot;:&quot;https:\\\/\\\/moncompte.actu.fr&quot;,&quot;category&quot;:&quot;mon compte&quot;,&quot;from&quot;:&quot;article footer&quot;,&quot;name&quot;:&quot;Mon actu&quot;,&quot;type&quot;:&quot;cta&quot;}}\" target=\"_blank\">Mon Actu<\/a>.<\/p>\n<p>                    <script async src=\"\/\/www.instagram.com\/embed.js\"><\/script><\/p>\n","protected":false},"excerpt":{"rendered":"Par Thomas Rideau Publi\u00e9 le 16 d\u00e9c. 2025 \u00e0 11h07 Lors de l\u2019ouverture du Conseil de Paris, ce&hellip;\n","protected":false},"author":2,"featured_media":523445,"comment_status":"","ping_status":"","sticky":false,"template":"","format":"standard","meta":{"footnotes":""},"categories":[1888],"tags":[1111,1928,11,1927,2618,4753,33,1777,674,1011,27,12,1926,626,1925,25],"class_list":{"0":"post-602805","1":"post","2":"type-post","3":"status-publish","4":"format-standard","5":"has-post-thumbnail","7":"category-paris","8":"tag-actu","9":"tag-actu-paris","10":"tag-actualites","11":"tag-actualites-paris","12":"tag-anne-hidalgo","13":"tag-bhv","14":"tag-economie","15":"tag-eu","16":"tag-europe","17":"tag-fr","18":"tag-france","19":"tag-news","20":"tag-news-paris","21":"tag-paris","22":"tag-paris-news","23":"tag-republique-francaise"},"share_on_mastodon":{"url":"https:\/\/pubeurope.com\/@fr\/115728765891334946","error":""},"_links":{"self":[{"href":"https:\/\/www.europesays.com\/fr\/wp-json\/wp\/v2\/posts\/602805","targetHints":{"allow":["GET"]}}],"collection":[{"href":"https:\/\/www.europesays.com\/fr\/wp-json\/wp\/v2\/posts"}],"about":[{"href":"https:\/\/www.europesays.com\/fr\/wp-json\/wp\/v2\/types\/post"}],"author":[{"embeddable":true,"href":"https:\/\/www.europesays.com\/fr\/wp-json\/wp\/v2\/users\/2"}],"replies":[{"embeddable":true,"href":"https:\/\/www.europesays.com\/fr\/wp-json\/wp\/v2\/comments?post=602805"}],"version-history":[{"count":0,"href":"https:\/\/www.europesays.com\/fr\/wp-json\/wp\/v2\/posts\/602805\/revisions"}],"wp:featuredmedia":[{"embeddable":true,"href":"https:\/\/www.europesays.com\/fr\/wp-json\/wp\/v2\/media\/523445"}],"wp:attachment":[{"href":"https:\/\/www.europesays.com\/fr\/wp-json\/wp\/v2\/media?parent=602805"}],"wp:term":[{"taxonomy":"category","embeddable":true,"href":"https:\/\/www.europesays.com\/fr\/wp-json\/wp\/v2\/categories?post=602805"},{"taxonomy":"post_tag","embeddable":true,"href":"https:\/\/www.europesays.com\/fr\/wp-json\/wp\/v2\/tags?post=602805"}],"curies":[{"name":"wp","href":"https:\/\/api.w.org\/{rel}","templated":true}]}}