{"id":602812,"date":"2025-12-16T10:33:02","date_gmt":"2025-12-16T10:33:02","guid":{"rendered":"https:\/\/www.europesays.com\/fr\/602812\/"},"modified":"2025-12-16T10:33:02","modified_gmt":"2025-12-16T10:33:02","slug":"la-nouvelle-cheffe-des-services-secrets-britanniques-denonce-la-menace-dune-russie-agressive-expansionniste-et-revisionniste","status":"publish","type":"post","link":"https:\/\/www.europesays.com\/fr\/602812\/","title":{"rendered":"La nouvelle cheffe des services secrets britanniques d\u00e9nonce \u00ab\u00a0la menace d&rsquo;une Russie agressive, expansionniste et r\u00e9visionniste\u00a0\u00bb"},"content":{"rendered":"<p>La nouvelle cheffe des services secrets britanniques d\u00e9nonce \u00ab\u00a0la menace d&rsquo;une Russie agressive, expansionniste et r\u00e9visionniste\u00a0\u00bbSur le m\u00eame sujet<a href=\"https:\/\/www.bfmtv.com\/international\/asie\/russie\/video-la-nouvelle-cheffe-des-services-secrets-britanniques-denonce-la-menace-d-une-russie-agressive-expansionniste-et-revisionniste_VN-202512160444.html\" title=\"La nouvelle cheffe des services secrets britanniques d\u00e9nonce &quot;la menace d&#039;une Russie agressive, expansionniste et r\u00e9visionniste&quot;\" target=\"_blank\" rel=\"noopener\"><img width=\"16\" height=\"9\" class=\"lozad\"  alt=\"La nouvelle cheffe des services secrets britanniques d\u00e9nonce &quot;la menace d'une Russie agressive, expansionniste et r\u00e9visionniste&quot;\"\/>en lectureLa nouvelle cheffe des services secrets britanniques d\u00e9nonce \u00ab\u00a0la menace d&rsquo;une Russie agressive, expansionniste et r\u00e9visionniste\u00a0\u00bb<\/a><a href=\"https:\/\/www.bfmtv.com\/international\/asie\/russie\/video-signe-bfm-un-drone-kamikaze-ukrainien-detruit-un-sous-marin-russe-lors-d-une-attaque-inedite-en-mer-noire_VN-202512160226.html\" title=\"SIGN\u00c9 BFM -  Un drone kamikaze ukrainien d\u00e9truit un sous-marin russe lors d&#039;une attaque in\u00e9dite en mer Noire\" target=\"_blank\" rel=\"noopener\"><img width=\"16\" height=\"9\" class=\"lozad\"  alt=\"SIGN\u00c9 BFM -  Un drone kamikaze ukrainien d\u00e9truit un sous-marin russe lors d'une attaque in\u00e9dite en mer Noire\"\/>2:23SIGN\u00c9 BFM &#8211; Un drone kamikaze ukrainien d\u00e9truit un sous-marin russe lors d&rsquo;une attaque in\u00e9dite en mer Noire<\/a><a href=\"https:\/\/www.bfmtv.com\/international\/amerique-nord\/etats-unis\/video-le-choix-d-ulysse-gosset-guerre-en-ukraine-l-espoir-d-un-accord-a-berlin_VN-202512150903.html\" title=\"LE CHOIX D\u2019ULYSSE GOSSET - Guerre en Ukraine: l\u2019espoir d\u2019un accord \u00e0 Berlin\" target=\"_blank\" rel=\"noopener\"><img width=\"16\" height=\"9\" class=\"lozad\"  alt=\"LE CHOIX D\u2019ULYSSE GOSSET - Guerre en Ukraine: l\u2019espoir d\u2019un accord \u00e0 Berlin\"\/>3:31LE CHOIX D\u2019ULYSSE GOSSET &#8211; Guerre en Ukraine: l\u2019espoir d\u2019un accord \u00e0 Berlin<\/a><a href=\"https:\/\/www.bfmtv.com\/international\/asie\/russie\/video-guerre-en-ukraine-vladimir-poutine-ne-changera-pas-de-position-selon-le-ministre-lituanien-des-affaires-etrangeres_VN-202512150446.html\" title=\"Guerre en Ukraine: Vladimir Poutine &quot;ne changera pas&quot; de position, selon le ministre lituanien des Affaires \u00e9trang\u00e8res\" target=\"_blank\" rel=\"noopener\"><img width=\"16\" height=\"9\" class=\"lozad\"  alt=\"Guerre en Ukraine: Vladimir Poutine &quot;ne changera pas&quot; de position, selon le ministre lituanien des Affaires \u00e9trang\u00e8res\"\/>0:42Guerre en Ukraine: Vladimir Poutine \u00ab\u00a0ne changera pas\u00a0\u00bb de position, selon le ministre lituanien des Affaires \u00e9trang\u00e8res<\/a><a href=\"https:\/\/www.bfmtv.com\/international\/asie\/russie\/video-ukraine-le-donbass-n-est-pas-le-but-ultime-de-poutine-alerte-la-cheffe-de-la-diplomatie-de-l-ue_VN-202512150377.html\" title=\"Ukraine: &quot;Le Donbass n&#039;est pas le but ultime de Poutine&quot;, alerte la cheffe de la diplomatie de l&#039;UE\" target=\"_blank\" rel=\"noopener\"><img width=\"16\" height=\"9\" class=\"lozad\"  alt=\"Ukraine: &quot;Le Donbass n'est pas le but ultime de Poutine&quot;, alerte la cheffe de la diplomatie de l'UE\"\/>1:10Ukraine: \u00ab\u00a0Le Donbass n&rsquo;est pas le but ultime de Poutine\u00a0\u00bb, alerte la cheffe de la diplomatie de l&rsquo;UE<\/a><a href=\"https:\/\/www.bfmtv.com\/international\/asie\/russie\/video-guerre-en-ukraine-la-russie-est-en-echec-affirme-le-ministre-jean-noel-barrot_VN-202512150344.html\" title=\"Guerre en Ukraine: &quot;La Russie est en \u00e9chec&quot;, affirme le ministre Jean-No\u00ebl Barrot\" target=\"_blank\" rel=\"noopener\"><img width=\"16\" height=\"9\" class=\"lozad\"  alt=\"Guerre en Ukraine: &quot;La Russie est en \u00e9chec&quot;, affirme le ministre Jean-No\u00ebl Barrot\"\/>1:06Guerre en Ukraine: \u00ab\u00a0La Russie est en \u00e9chec\u00a0\u00bb, affirme le ministre Jean-No\u00ebl Barrot<\/a><a href=\"https:\/\/www.bfmtv.com\/international\/asie\/russie\/video-recours-aux-avoirs-russes-geles-les-negociations-de-plus-en-plus-difficiles-selon-kaja-kallas_VN-202512150335.html\" title=\"Recours aux avoirs russes gel\u00e9s: les n\u00e9gociations &quot;de plus en plus difficiles&quot;, selon Kaja Kallas\" target=\"_blank\" rel=\"noopener\"><img width=\"16\" height=\"9\" class=\"lozad\"  alt=\"Recours aux avoirs russes gel\u00e9s: les n\u00e9gociations &quot;de plus en plus difficiles&quot;, selon Kaja Kallas\"\/>0:41Recours aux avoirs russes gel\u00e9s: les n\u00e9gociations \u00ab\u00a0de plus en plus difficiles\u00a0\u00bb, selon Kaja Kallas<\/a><a href=\"https:\/\/www.bfmtv.com\/international\/asie\/russie\/video-une-semaine-decisive-pour-le-financement-de-l-ukraine-selon-la-cheffe-de-la-diplomatie-europeenne_VN-202512150273.html\" title=\"Une semaine &quot;d\u00e9cisive&quot; pour le financement de l&#039;Ukraine, selon la cheffe de la diplomatie europ\u00e9enne\" target=\"_blank\" rel=\"noopener\"><img width=\"16\" height=\"9\" class=\"lozad\"  alt=\"Une semaine &quot;d\u00e9cisive&quot; pour le financement de l'Ukraine, selon la cheffe de la diplomatie europ\u00e9enne\"\/>0:52Une semaine \u00ab\u00a0d\u00e9cisive\u00a0\u00bb pour le financement de l&rsquo;Ukraine, selon la cheffe de la diplomatie europ\u00e9enne<\/a><a href=\"https:\/\/www.bfmtv.com\/international\/asie\/russie\/video-guerre-en-ukraine-la-pression-russe-s-intensifie-sur-le-front_VN-202512140091.html\" title=\"Guerre en Ukraine: la pression russe s&#039;intensifie sur le front\" target=\"_blank\" rel=\"noopener\"><img width=\"16\" height=\"9\" class=\"lozad\"  alt=\"Guerre en Ukraine: la pression russe s'intensifie sur le front\"\/>0:57Guerre en Ukraine: la pression russe s&rsquo;intensifie sur le front<\/a><a href=\"https:\/\/www.bfmtv.com\/international\/amerique-nord\/etats-unis\/video-guerre-en-ukraine-l-emissaire-americain-steve-witkoff-rencontrera-volodymyr-zelensky-a-berlin_VN-202512130361.html\" title=\"Guerre en Ukraine: l&#039;\u00e9missaire am\u00e9ricain, Steve Witkoff, rencontrera Volodymyr Zelensky \u00e0 Berlin\" target=\"_blank\" rel=\"noopener\"><img width=\"16\" height=\"9\" class=\"lozad\"  alt=\"Guerre en Ukraine: l'\u00e9missaire am\u00e9ricain, Steve Witkoff, rencontrera Volodymyr Zelensky \u00e0 Berlin\"\/>11:52Guerre en Ukraine: l&rsquo;\u00e9missaire am\u00e9ricain, Steve Witkoff, rencontrera Volodymyr Zelensky \u00e0 Berlin<\/a><a href=\"https:\/\/www.bfmtv.com\/international\/amerique-nord\/etats-unis\/video-guerre-en-ukraine-quels-sont-les-objectifs-de-steve-witkoff-l-emissaire-americain-pour-sa-rencontre-avec-volodymyr-zelensky-a-berlin_VN-202512130359.html\" title=\"Guerre en Ukraine: quels sont les objectifs de Steve Witkoff, l&#039;\u00e9missaire am\u00e9ricain, pour sa rencontre avec Volodymyr Zelensky \u00e0 Berlin?\" target=\"_blank\" rel=\"noopener\"><img width=\"16\" height=\"9\" class=\"lozad\"  alt=\"Guerre en Ukraine: quels sont les objectifs de Steve Witkoff, l'\u00e9missaire am\u00e9ricain, pour sa rencontre avec Volodymyr Zelensky \u00e0 Berlin?\"\/>1:31Guerre en Ukraine: quels sont les objectifs de Steve Witkoff, l&rsquo;\u00e9missaire am\u00e9ricain, pour sa rencontre avec Volodymyr Zelensky \u00e0 Berlin?<\/a><a href=\"https:\/\/www.bfmtv.com\/international\/asie\/russie\/video-guerre-en-ukraine-la-pression-russe-s-intensifie-sur-le-front_VN-202512130340.html\" title=\"Guerre en Ukraine: la pression russe s&#039;intensifie sur le front\" target=\"_blank\" rel=\"noopener\"><img width=\"16\" height=\"9\" class=\"lozad\"  alt=\"Guerre en Ukraine: la pression russe s'intensifie sur le front\"\/>1:11Guerre en Ukraine: la pression russe s&rsquo;intensifie sur le front<\/a><a href=\"https:\/\/www.bfmtv.com\/international\/asie\/russie\/video-guerre-en-ukraine-nous-sommes-la-prochaine-cible-de-la-russie-assure-mark-rutte-secretaire-general-de-l-otan_VN-202512130314.html\" title=\"Guerre en Ukraine: &quot;Nous sommes la prochaine cible de la Russie&quot;, assure Mark Rutte, secr\u00e9taire g\u00e9n\u00e9ral de l&#039;Otan\" target=\"_blank\" rel=\"noopener\"><img width=\"16\" height=\"9\" class=\"lozad\"  alt=\"Guerre en Ukraine: &quot;Nous sommes la prochaine cible de la Russie&quot;, assure Mark Rutte, secr\u00e9taire g\u00e9n\u00e9ral de l'Otan\"\/>1:27Guerre en Ukraine: \u00ab\u00a0Nous sommes la prochaine cible de la Russie\u00a0\u00bb, assure Mark Rutte, secr\u00e9taire g\u00e9n\u00e9ral de l&rsquo;Otan<\/a><a href=\"https:\/\/www.bfmtv.com\/international\/asie\/russie\/video-guerre-en-ukraine-qu-est-ce-que-le-missile-kinjal-ce-missile-hypersonique-utilise-par-la-russie-contre-kiev_VN-202512130313.html\" title=\"Guerre en Ukraine: qu&#039;est-ce que le missile Kinjal, ce missile hypersonique utilis\u00e9 par la Russie contre Kiev? \" target=\"_blank\" rel=\"noopener\"><img width=\"16\" height=\"9\" class=\"lozad\"  alt=\"Guerre en Ukraine: qu'est-ce que le missile Kinjal, ce missile hypersonique utilis\u00e9 par la Russie contre Kiev? \"\/>1:45Guerre en Ukraine: qu&rsquo;est-ce que le missile Kinjal, ce missile hypersonique utilis\u00e9 par la Russie contre Kiev?<\/a><a class=\"jumpToVideo\" target=\"_blank\"><img class=\"thumbnailPreview\"\/><\/a><\/p>\n","protected":false},"excerpt":{"rendered":"La nouvelle cheffe des services secrets britanniques d\u00e9nonce \u00ab\u00a0la menace d&rsquo;une Russie agressive, expansionniste et r\u00e9visionniste\u00a0\u00bbSur le m\u00eame&hellip;\n","protected":false},"author":2,"featured_media":602813,"comment_status":"","ping_status":"","sticky":false,"template":"","format":"standard","meta":{"footnotes":""},"categories":[1591],"tags":[11,1887,12,1885,1886,132],"class_list":{"0":"post-602812","1":"post","2":"type-post","3":"status-publish","4":"format-standard","5":"has-post-thumbnail","7":"category-russie","8":"tag-actualites","9":"tag-federation-de-russie","10":"tag-news","11":"tag-russia","12":"tag-russian-federation","13":"tag-russie"},"share_on_mastodon":{"url":"https:\/\/pubeurope.com\/@fr\/115728797122967004","error":""},"_links":{"self":[{"href":"https:\/\/www.europesays.com\/fr\/wp-json\/wp\/v2\/posts\/602812","targetHints":{"allow":["GET"]}}],"collection":[{"href":"https:\/\/www.europesays.com\/fr\/wp-json\/wp\/v2\/posts"}],"about":[{"href":"https:\/\/www.europesays.com\/fr\/wp-json\/wp\/v2\/types\/post"}],"author":[{"embeddable":true,"href":"https:\/\/www.europesays.com\/fr\/wp-json\/wp\/v2\/users\/2"}],"replies":[{"embeddable":true,"href":"https:\/\/www.europesays.com\/fr\/wp-json\/wp\/v2\/comments?post=602812"}],"version-history":[{"count":0,"href":"https:\/\/www.europesays.com\/fr\/wp-json\/wp\/v2\/posts\/602812\/revisions"}],"wp:featuredmedia":[{"embeddable":true,"href":"https:\/\/www.europesays.com\/fr\/wp-json\/wp\/v2\/media\/602813"}],"wp:attachment":[{"href":"https:\/\/www.europesays.com\/fr\/wp-json\/wp\/v2\/media?parent=602812"}],"wp:term":[{"taxonomy":"category","embeddable":true,"href":"https:\/\/www.europesays.com\/fr\/wp-json\/wp\/v2\/categories?post=602812"},{"taxonomy":"post_tag","embeddable":true,"href":"https:\/\/www.europesays.com\/fr\/wp-json\/wp\/v2\/tags?post=602812"}],"curies":[{"name":"wp","href":"https:\/\/api.w.org\/{rel}","templated":true}]}}