{"id":602816,"date":"2025-12-16T10:42:33","date_gmt":"2025-12-16T10:42:33","guid":{"rendered":"https:\/\/www.europesays.com\/fr\/602816\/"},"modified":"2025-12-16T10:42:33","modified_gmt":"2025-12-16T10:42:33","slug":"le-senat-se-prepare-a-la-perspective-dun-nouveau-shutdown-en-janvier","status":"publish","type":"post","link":"https:\/\/www.europesays.com\/fr\/602816\/","title":{"rendered":"le S\u00e9nat se pr\u00e9pare \u00e0 la perspective d\u2019un nouveau \u00ab\u00a0shutdown\u00a0\u00bb en janvier"},"content":{"rendered":"<p>\t\t\tLes s\u00e9nateurs am\u00e9ricains des deux partis se pr\u00e9parent \u00e0 la perspective d\u2019une nouvelle paralysie budg\u00e9taire (shutdown) du gouvernement f\u00e9d\u00e9ral au d\u00e9but de l\u2019ann\u00e9e prochaine, apr\u00e8s l\u2019\u00e9chec des n\u00e9gociations sur la prolongation des subventions li\u00e9es au programme national d\u2019assurance maladie \u00ab\u00a0Affordable Care Act\u00a0\u00bb.<\/p>\n<p style=\"text-align: justify;\">Cette situation fait suite au rejet, par les r\u00e9publicains la semaine derni\u00e8re, d\u2019une proposition visant \u00e0 prolonger jusqu\u2019en 2028 les subventions gouvernementales accord\u00e9es au programme d\u2019assurance maladie pour les personnes \u00e0 faibles revenus, dit ObamaCare.<\/p>\n<p style=\"text-align: justify;\">R\u00e9forme phare de l\u2019ancien pr\u00e9sident Barack Obama, adopt\u00e9e en 2010, ce programme garantit une couverture m\u00e9dicale bon march\u00e9 \u00e0 des millions de personnes jusque-l\u00e0 priv\u00e9es d\u2019assurance ou confront\u00e9es \u00e0 des co\u00fbts prohibitifs. Les divergences politiques sur le financement de ce programme avaient \u00e9t\u00e9 \u00e0 l\u2019origine de la fermeture du gouvernement f\u00e9d\u00e9ral pendant 43 jours cet automne.<\/p>\n<p style=\"text-align: justify;\"><strong><a style=\"color: #008000;\" href=\"https:\/\/maroc-diplomatique.net\/usa-une-prime-de-10-000-dollars-pour-les-agents-aeroportuaires-mobilises\/\" target=\"_blank\" rel=\"noopener\">Lire aussi : USA : Une prime de 10.000 dollars pour les agents a\u00e9roportuaires mobilis\u00e9s durant le shutdown<\/a><\/strong><\/p>\n<p style=\"text-align: justify;\">Dans ce contexte, les s\u00e9nateurs d\u00e9mocrates ont fait part de leurs pr\u00e9occupations face au refus des r\u00e9publicains de prolonger ces subventions, estimant que cette situation pourrait entra\u00eener une augmentation significative des primes d\u2019assurance maladie d\u00e8s l\u2019ann\u00e9e prochaine.<\/p>\n<p style=\"text-align: justify;\">Selon leurs estimations, l\u2019absence de prolongation des subventions renforc\u00e9es pourrait conduire environ 4,8 millions d\u2019Am\u00e9ricains \u00e0 perdre leur couverture sant\u00e9 d\u2019ici 2026, tandis que plus de 20 millions d\u2019autres verraient leurs co\u00fbts de sant\u00e9 augmenter de mani\u00e8re significative.<\/p>\n<p style=\"text-align: justify;\">Les compagnies d\u2019assurance pourraient, dans ce cas, appliquer une hausse moyenne de 26 % des primes pour les assur\u00e9s utilisant le march\u00e9 de l\u2019Affordable Care Act.<\/p>\n<p style=\"text-align: justify;\">L\u2019\u00e9chec des discussions bipartites a ainsi raviv\u00e9 les tensions au S\u00e9nat et renforc\u00e9 la position de certains d\u00e9mocrates, qui estiment que la prochaine \u00e9ch\u00e9ance budg\u00e9taire, fix\u00e9e au 30 janvier, pourrait constituer un levier politique pour contraindre les r\u00e9publicains \u00e0 faire des concessions sur les d\u00e9penses f\u00e9d\u00e9rales de sant\u00e9.<\/p>\n<p style=\"text-align: justify;\">\u00c0 cet \u00e9gard, la s\u00e9natrice d\u00e9mocrate Elizabeth Warren (Massachusetts) a affirm\u00e9 que \u00ab\u00a0la lutte n\u2019est pas termin\u00e9e\u00a0\u00bb, soulignant que la date limite de financement du gouvernement offrait aux d\u00e9mocrates un moyen de pression similaire \u00e0 celui utilis\u00e9 lors du pr\u00e9c\u00e9dent \u00ab\u00a0shutdown\u00a0\u00bb.<\/p>\n<p style=\"text-align: justify;\">Alors que le Congr\u00e8s s\u2019approche de cette \u00e9ch\u00e9ance cruciale, les observateurs politiques estiment que la situation reste incertaine et d\u00e9pendra largement des n\u00e9gociations entre les deux partis dans les semaines \u00e0 venir.<\/p>\n<p style=\"text-align: justify;\">Les d\u00e9cisions prises dans les prochains jours d\u00e9termineront non seulement le financement du gouvernement f\u00e9d\u00e9ral, mais aussi l\u2019avenir des subventions de sant\u00e9 pour des millions d\u2019Am\u00e9ricains.<\/p>\n<p style=\"text-align: justify;\">Avec MAP<\/p>\n","protected":false},"excerpt":{"rendered":"Les s\u00e9nateurs am\u00e9ricains des deux partis se pr\u00e9parent \u00e0 la perspective d\u2019une nouvelle paralysie budg\u00e9taire (shutdown) du gouvernement&hellip;\n","protected":false},"author":2,"featured_media":602817,"comment_status":"","ping_status":"","sticky":false,"template":"","format":"standard","meta":{"footnotes":""},"categories":[1589],"tags":[55322,11,73,1866,12,1004,10522,1864,1865,1863,308],"class_list":{"0":"post-602816","1":"post","2":"type-post","3":"status-publish","4":"format-standard","5":"has-post-thumbnail","7":"category-etats-unis","8":"tag-shutdown","9":"tag-actualites","10":"tag-etats-unis","11":"tag-etats-unis-damerique","12":"tag-news","13":"tag-senat","14":"tag-subventions","15":"tag-united-states","16":"tag-united-states-of-america","17":"tag-us","18":"tag-usa"},"share_on_mastodon":{"url":"https:\/\/pubeurope.com\/@fr\/115728832455299125","error":""},"_links":{"self":[{"href":"https:\/\/www.europesays.com\/fr\/wp-json\/wp\/v2\/posts\/602816","targetHints":{"allow":["GET"]}}],"collection":[{"href":"https:\/\/www.europesays.com\/fr\/wp-json\/wp\/v2\/posts"}],"about":[{"href":"https:\/\/www.europesays.com\/fr\/wp-json\/wp\/v2\/types\/post"}],"author":[{"embeddable":true,"href":"https:\/\/www.europesays.com\/fr\/wp-json\/wp\/v2\/users\/2"}],"replies":[{"embeddable":true,"href":"https:\/\/www.europesays.com\/fr\/wp-json\/wp\/v2\/comments?post=602816"}],"version-history":[{"count":0,"href":"https:\/\/www.europesays.com\/fr\/wp-json\/wp\/v2\/posts\/602816\/revisions"}],"wp:featuredmedia":[{"embeddable":true,"href":"https:\/\/www.europesays.com\/fr\/wp-json\/wp\/v2\/media\/602817"}],"wp:attachment":[{"href":"https:\/\/www.europesays.com\/fr\/wp-json\/wp\/v2\/media?parent=602816"}],"wp:term":[{"taxonomy":"category","embeddable":true,"href":"https:\/\/www.europesays.com\/fr\/wp-json\/wp\/v2\/categories?post=602816"},{"taxonomy":"post_tag","embeddable":true,"href":"https:\/\/www.europesays.com\/fr\/wp-json\/wp\/v2\/tags?post=602816"}],"curies":[{"name":"wp","href":"https:\/\/api.w.org\/{rel}","templated":true}]}}