{"id":602818,"date":"2025-12-16T10:44:15","date_gmt":"2025-12-16T10:44:15","guid":{"rendered":"https:\/\/www.europesays.com\/fr\/602818\/"},"modified":"2025-12-16T10:44:15","modified_gmt":"2025-12-16T10:44:15","slug":"le-chomage-monte-encore-au-royaume-uni-en-decembre-a-51","status":"publish","type":"post","link":"https:\/\/www.europesays.com\/fr\/602818\/","title":{"rendered":"Le ch\u00f4mage monte encore au Royaume-Uni en d\u00e9cembre, \u00e0 5,1%"},"content":{"rendered":"<p class=\"fig-paragraph\">Le taux de ch\u00f4mage a poursuivi sa hausse au\u00a0<a href=\"http:\/\/www.lefigaro.fr\/flash-actu\/traversee-de-la-manche-le-royaume-uni-enregistre-sa-plus-longue-periode-sans-arrivees-de-migrants-depuis-2018-20251213\" data-fig-type=\"NewsFlash\" data-gtm-custom-categorie=\"navigation\" data-gtm-custom-action=\"crossclick\" data-gtm-custom-label=\"Contextuel\" data-gtm-event=\"customEventSPE\" data-fig-domain=\"LEFIGARO\" target=\"_blank\" rel=\"noopener\">Royaume-Uni<\/a>\u00a0sur les trois mois achev\u00e9s en d\u00e9cembre, \u00e0 5,1%, son niveau le plus \u00e9lev\u00e9 depuis presque cinq ans, ce qui devrait conduire la Banque d&rsquo;Angleterre \u00e0 abaisser ses taux jeudi. Le chiffre du ch\u00f4mage, annonc\u00e9 mardi par l&rsquo;Office national des statistiques (ONS), progresse sans discontinuer depuis l&rsquo;\u00e9t\u00e9 2024 et n&rsquo;avait pas atteint un tel seuil depuis janvier 2021, renfor\u00e7ant la pression sur le gouvernement travailliste. Cette tendance s&rsquo;explique, selon Danni Hewson, analyste chez AJ Bell, par la forte hausse depuis avril des cotisations patronales, ainsi que l&rsquo;augmentation du salaire minimal, qui \u00abont simplement rendu plus co\u00fbteux le fait d&rsquo;avoir des salari\u00e9s\u00bb.<\/p>\n<p class=\"fig-paragraph\">Le projet de loi pour r\u00e9former le droit du travail, en discussion au Parlement, a selon elle aussi \u00abpouss\u00e9 certains employeurs \u00e0 h\u00e9siter \u00e0 recruter de nouveaux collaborateurs\u00bb. Ce taux de ch\u00f4mage, qui s&rsquo;ajoute \u00e0 un produit int\u00e9rieur brut en recul de 0,1% en octobre, comme en septembre, et \u00e0 une inflation en l\u00e9ger repli, \u00e0 3,6% sur un an en octobre (les chiffres de novembre sont attendus mercredi), devrait conduire la Banque d&rsquo;Angleterre \u00e0 r\u00e9duire ses taux d&rsquo;int\u00e9r\u00eat lors de sa prochaine r\u00e9union jeudi. \u00abUne baisse des taux est attendue cette semaine, mais des signes persistants de faiblesse du march\u00e9 du travail, tels que ceux que nous observons, laissent pr\u00e9voir de nouvelles baisses l&rsquo;ann\u00e9e prochaine\u00bb, estime Neil Wilson, de Saxo Markets.<\/p>\n","protected":false},"excerpt":{"rendered":"Le taux de ch\u00f4mage a poursuivi sa hausse au\u00a0Royaume-Uni\u00a0sur les trois mois achev\u00e9s en d\u00e9cembre, \u00e0 5,1%, son&hellip;\n","protected":false},"author":2,"featured_media":602819,"comment_status":"","ping_status":"","sticky":false,"template":"","format":"standard","meta":{"footnotes":""},"categories":[1588],"tags":[1111,47,11,1117,1109,1112,636,341,257,1777,674,632,1108,107,1106,1107,1119,1116,1110,1114,500,12,1113,1118,137,473,1853,401,1115,1851,1850,1852],"class_list":{"0":"post-602818","1":"post","2":"type-post","3":"status-publish","4":"format-standard","5":"has-post-thumbnail","7":"category-royaume-uni","8":"tag-actu","9":"tag-actualite","10":"tag-actualites","11":"tag-assurance","12":"tag-breves","13":"tag-depeches","14":"tag-devises","15":"tag-emploi","16":"tag-entreprise","17":"tag-eu","18":"tag-europe","19":"tag-fcp","20":"tag-fil","21":"tag-fil-info","22":"tag-flash","23":"tag-flash-actu","24":"tag-formation","25":"tag-immobilier","26":"tag-informations","27":"tag-infos","28":"tag-medias","29":"tag-news","30":"tag-nouvelles","31":"tag-placement","32":"tag-retraite","33":"tag-royaume-uni","34":"tag-royaume-uni-de-grande-bretagne-et-dirlande-du-nord","35":"tag-sicav","36":"tag-taux","37":"tag-uk","38":"tag-united-kingdom","39":"tag-united-kingdom-of-great-britain-and-northern-ireland"},"share_on_mastodon":{"url":"https:\/\/pubeurope.com\/@fr\/115728840451274354","error":""},"_links":{"self":[{"href":"https:\/\/www.europesays.com\/fr\/wp-json\/wp\/v2\/posts\/602818","targetHints":{"allow":["GET"]}}],"collection":[{"href":"https:\/\/www.europesays.com\/fr\/wp-json\/wp\/v2\/posts"}],"about":[{"href":"https:\/\/www.europesays.com\/fr\/wp-json\/wp\/v2\/types\/post"}],"author":[{"embeddable":true,"href":"https:\/\/www.europesays.com\/fr\/wp-json\/wp\/v2\/users\/2"}],"replies":[{"embeddable":true,"href":"https:\/\/www.europesays.com\/fr\/wp-json\/wp\/v2\/comments?post=602818"}],"version-history":[{"count":0,"href":"https:\/\/www.europesays.com\/fr\/wp-json\/wp\/v2\/posts\/602818\/revisions"}],"wp:featuredmedia":[{"embeddable":true,"href":"https:\/\/www.europesays.com\/fr\/wp-json\/wp\/v2\/media\/602819"}],"wp:attachment":[{"href":"https:\/\/www.europesays.com\/fr\/wp-json\/wp\/v2\/media?parent=602818"}],"wp:term":[{"taxonomy":"category","embeddable":true,"href":"https:\/\/www.europesays.com\/fr\/wp-json\/wp\/v2\/categories?post=602818"},{"taxonomy":"post_tag","embeddable":true,"href":"https:\/\/www.europesays.com\/fr\/wp-json\/wp\/v2\/tags?post=602818"}],"curies":[{"name":"wp","href":"https:\/\/api.w.org\/{rel}","templated":true}]}}