{"id":602835,"date":"2025-12-16T10:58:15","date_gmt":"2025-12-16T10:58:15","guid":{"rendered":"https:\/\/www.europesays.com\/fr\/602835\/"},"modified":"2025-12-16T10:58:15","modified_gmt":"2025-12-16T10:58:15","slug":"soudal-quick-step-le-maillot-2026-directvelo","status":"publish","type":"post","link":"https:\/\/www.europesays.com\/fr\/602835\/","title":{"rendered":"Soudal Quick-Step : Le maillot 2026 &#8211; DirectVelo"},"content":{"rendered":"<ol>\n<li><a href=\"https:\/\/news.google.com\/rss\/articles\/CBMigwFBVV95cUxOeGZud2doVFFyc3MwY0lMVXExY2ZqV2FBWXpHLUVveGlWMmtTeWxSRDRBMC1halltVDl2NlNpWjRHdzBaZ25TNldNVVpLY1ZDOW9NM2t4enF6UXRVY2pqb2pVMEZ1M0tNTkZ2a2tyVF83d1o4RVJhV3kySDhVUEFKWHoyNA?oc=5\" target=\"_blank\" rel=\"noopener\">Soudal Quick-Step : Le maillot 2026<\/a>&nbsp;&nbsp;DirectVelo<\/li>\n<li><a href=\"https:\/\/news.google.com\/rss\/articles\/CBMigwFBVV95cUxQYWNKTzNUQ0FBdW9lWTkxaFJkY1A5MUdvTGNFQ3VaMmxtX1cyaTFNUkZVQ2JiRGlMT0pFa2NaQU5HeC01MFhJMUNIOWNsTWJoVWdGT2R3WmJBcHdqLTJNSzJTdVZxWWdFTk1oUXR4SjRKWFFucTVMY254SFVIRHhsOGRNTQ?oc=5\" target=\"_blank\" rel=\"noopener\">Soudal Quick-Step d\u00e9voile son maillot 2026<\/a>&nbsp;&nbsp;Velo-Club<\/li>\n<li><a href=\"https:\/\/news.google.com\/rss\/articles\/CBMixgFBVV95cUxOZ3NfRVlVWlNvclg2dk9YSFZhSWNLOWpvQXNyUXk1cHNkRVMwZk1sc0lQd2hTX1FuY0JsT2tGck52eVpVRkloMi1GYWY2YzlGVlhGc2hwYXFRTWdNUl9yOTVfMkJyajMwSzhjQUluN3NYX3JyQThKczdtZThTSTAwb3MxOTNEaVk0dGdaMTl1aFlfUUktako1NlJrTWFFeXA2TWNzU0RXSTJ5OGFIdkZPT21oWXJncWh6U1BfUlM4M0dXYTNzTWfSAcYBQVVfeXFMTWxPODZiZHlGSlBfZWdqS3VjX3hLV01IeTNQTDBMOW1ZRDdzTHRSVmVBMzhzRDBwbnJtRDRqazdhR3pCX2FsaFQ5QW5ELVNRWkFveHJvUnZBUXVVRXpzZ21teWhWcDlMRjZFTlU2NWxuR0tGZF9Fa1dkSzMtN3hVUlhhRDJqVEpURGdaU3lYZEJadHd4U0hRWWVmNEpHUUdNTGVWRUZpOXdLeV9RQTc4TGpCY0xsTW5IWml4U0NPdk1LbDgzbHdR?oc=5\" target=\"_blank\" rel=\"noopener\">Route: L&rsquo;\u00e9quipe Soudal Quick-Step d\u00e9voile un maillot \u00abplus visible\u00bb pour 2026<\/a>&nbsp;&nbsp;Cyclism&rsquo;Actu<\/li>\n<li><a href=\"https:\/\/news.google.com\/rss\/articles\/CBMilwFBVV95cUxPUEtZXzdZNWJDbkVOV0NPTXNpcGJNajNzMXJUZmJuUXBDUHAtRFRQeDFYSXZXVlMwRTR2OUxoeThLY3JTNHVLT0RPNjNNYzJUZU8weDZ1cWx1MWoycURlLWlfUzljVnJ1VGh0b19wMHhXMGl5cGxCUUhINTNiX0I2VVZGV1h1YmZGMHlsV3RicG9XdldaalpF?oc=5\" target=\"_blank\" rel=\"noopener\">Soudal Quick-Step, le maillot de la saison 2026 d\u00e9voil\u00e9<\/a>&nbsp;&nbsp;| CyclingPro.Net<\/li>\n<li><a href=\"https:\/\/news.google.com\/rss\/articles\/CBMijAFBVV95cUxPQVgxLUdZWVhDRTdIVkt3QXdfeS1TVzczaFdYOFBfX2p2T29DWVlmWURpdTZyR2tNVnNVSUdtMVJTcmQ1WEs4aERQS2lMdVVsUEU1LXNTYnB2cE1KeFAxSWVEVmtmMUp2NzV6TXd5aGxKU05ZUE1UcXIyTnZlZTJNTzhhRHlEVndaRWNfWA?oc=5\" target=\"_blank\" rel=\"noopener\">Saison 2026 &#8211; Soudal Quick-Step pr\u00e9sente son nouveau maillot<\/a>&nbsp;&nbsp;TotalVelo<\/li>\n<\/ol>\n","protected":false},"excerpt":{"rendered":"Soudal Quick-Step : Le maillot 2026&nbsp;&nbsp;DirectVelo Soudal Quick-Step d\u00e9voile son maillot 2026&nbsp;&nbsp;Velo-Club Route: L&rsquo;\u00e9quipe Soudal Quick-Step d\u00e9voile un&hellip;\n","protected":false},"author":2,"featured_media":602836,"comment_status":"","ping_status":"","sticky":false,"template":"","format":"standard","meta":{"footnotes":""},"categories":[1411],"tags":[834,828,836,829,837,827,83,826,824,823,1154,207,814,817,815,816,822,821,832,211,839,1011,27,820,818,819,835,831,830,833,838,60,212,208,825],"class_list":{"0":"post-602835","1":"post","2":"type-post","3":"status-publish","4":"format-standard","5":"has-post-thumbnail","7":"category-cyclisme","8":"tag-attaque","9":"tag-belgique","10":"tag-braquet","11":"tag-bretagne","12":"tag-chute","13":"tag-competition","14":"tag-coupe-de-france","15":"tag-coureur","16":"tag-course-cyclisme","17":"tag-course-cycliste","18":"tag-cycling","19":"tag-cyclisme","20":"tag-direct","21":"tag-direct-velo","22":"tag-directvelo","23":"tag-directvelo-com","24":"tag-epreuve","25":"tag-epreuve-cycliste","26":"tag-federation-francaise-de-cyclisme","27":"tag-ffc","28":"tag-flandres","29":"tag-fr","30":"tag-france","31":"tag-live","32":"tag-live-course","33":"tag-live-epreuve","34":"tag-peloton","35":"tag-radio-peloton","36":"tag-radio-tour","37":"tag-ravitaillement","38":"tag-relance","39":"tag-sports","40":"tag-uci","41":"tag-velo","42":"tag-velos"},"share_on_mastodon":{"url":"https:\/\/pubeurope.com\/@fr\/115728895533825774","error":""},"_links":{"self":[{"href":"https:\/\/www.europesays.com\/fr\/wp-json\/wp\/v2\/posts\/602835","targetHints":{"allow":["GET"]}}],"collection":[{"href":"https:\/\/www.europesays.com\/fr\/wp-json\/wp\/v2\/posts"}],"about":[{"href":"https:\/\/www.europesays.com\/fr\/wp-json\/wp\/v2\/types\/post"}],"author":[{"embeddable":true,"href":"https:\/\/www.europesays.com\/fr\/wp-json\/wp\/v2\/users\/2"}],"replies":[{"embeddable":true,"href":"https:\/\/www.europesays.com\/fr\/wp-json\/wp\/v2\/comments?post=602835"}],"version-history":[{"count":0,"href":"https:\/\/www.europesays.com\/fr\/wp-json\/wp\/v2\/posts\/602835\/revisions"}],"wp:featuredmedia":[{"embeddable":true,"href":"https:\/\/www.europesays.com\/fr\/wp-json\/wp\/v2\/media\/602836"}],"wp:attachment":[{"href":"https:\/\/www.europesays.com\/fr\/wp-json\/wp\/v2\/media?parent=602835"}],"wp:term":[{"taxonomy":"category","embeddable":true,"href":"https:\/\/www.europesays.com\/fr\/wp-json\/wp\/v2\/categories?post=602835"},{"taxonomy":"post_tag","embeddable":true,"href":"https:\/\/www.europesays.com\/fr\/wp-json\/wp\/v2\/tags?post=602835"}],"curies":[{"name":"wp","href":"https:\/\/api.w.org\/{rel}","templated":true}]}}