{"id":602841,"date":"2025-12-16T11:01:20","date_gmt":"2025-12-16T11:01:20","guid":{"rendered":"https:\/\/www.europesays.com\/fr\/602841\/"},"modified":"2025-12-16T11:01:20","modified_gmt":"2025-12-16T11:01:20","slug":"montauban-les-amis-du-mib-font-decouvrir-john-singer-sargent","status":"publish","type":"post","link":"https:\/\/www.europesays.com\/fr\/602841\/","title":{"rendered":"Montauban. Les amis du MIB font d\u00e9couvrir John Singer Sargent"},"content":{"rendered":"<p>Mercredi 17 d\u00e9cembre, \u00e0 15 heures, la derni\u00e8re conf\u00e9rence de l\u2019ann\u00e9e des Amis du Mus\u00e9e Ingres Bourdelle (MIB) sera anim\u00e9e par Genevi\u00e8ve Furn\u00e9mont, guide conf\u00e9renci\u00e8re. Cette rencontre abordera le parcours de John Singer Sargent, l\u2019un des artistes am\u00e9ricains les plus c\u00e9l\u00e8bres de sa g\u00e9n\u00e9ration qui est mis \u00e0 l\u2019honneur par le mus\u00e9e d\u2019Orsay jusqu\u2019au 11 janvier.<\/p>\n<p>John Singer Sargent na\u00eet \u00e0 Florence le 12 janvier 1856 pendant un voyage de ses parents. Son p\u00e8re ophtalmologue suit son \u00e9ducation, John parle couramment fran\u00e7ais, italien, allemand, langues apprises durant la vie itin\u00e9rante de sa famille. Sa m\u00e8re pratiquant le dessin et la peinture, l\u2019encourage \u00e0 dessiner. Il s\u2019inscrit aux Beaux-Arts de Florence en 1873-74 et aux Beaux-Arts de Paris de 1874 \u00e0 1878 o\u00f9 il suit les cours du r\u00e9put\u00e9 Carolus-Duran. Il se lie d\u2019amiti\u00e9 avec Paul Helleu qui lui pr\u00e9sente Degas, Rodin, Monet.<\/p>\n<p>En 1876, John Singer Sargent accompagne sa m\u00e8re et sa s\u0153ur aux \u00c9tats-Unis puis visite l\u2019Espagne, les Pays-Bas et Venise. Exceptionnellement dou\u00e9, il peint des paysages, des portraits tr\u00e8s recherch\u00e9s, des sc\u00e8nes de genre m\u00ealant exotisme, myst\u00e8re et sensualit\u00e9. Il s\u2019installe \u00e0 Londres en 1886, son tableau \u00ab\u00a0Carnation, Lily, Rose\u00a0\u00bb est acquis par la Tate Gallery. En 1888 il expose \u00e0 Boston. Artiste r\u00e9put\u00e9 mais lass\u00e9 par la pratique du portrait mondain, il se consacre \u00e0 l\u2019aquarelle. Son dernier portrait peint est \u2018Lady Curzon\u2019en 1925.<\/p>\n<p>Aux critiques de quelques avant-gardistes il r\u00e9pond : \u00ab\u00a0Ingres, Rapha\u00ebl et Le Greco ont toujours toute mon admiration, ils sont ce que j\u2019aime\u00a0\u00bb. Il d\u00e9c\u00e8de \u00e0 Londres le 14 avril 1925 apr\u00e8s avoir peint 900 toiles et 2 000 aquarelles.<\/p>\n<p>La conf\u00e9rence se d\u00e9roulera mercredi prochain, \u00e0 15 heures, au MIB.<\/p>\n","protected":false},"excerpt":{"rendered":"Mercredi 17 d\u00e9cembre, \u00e0 15 heures, la derni\u00e8re conf\u00e9rence de l\u2019ann\u00e9e des Amis du Mus\u00e9e Ingres Bourdelle (MIB)&hellip;\n","protected":false},"author":2,"featured_media":602842,"comment_status":"","ping_status":"","sticky":false,"template":"","format":"standard","meta":{"footnotes":""},"categories":[1358],"tags":[1348,1384,1385,71303,872,1386,58,59,1011,27,19054,36586],"class_list":{"0":"post-602841","1":"post","2":"type-post","3":"status-publish","4":"format-standard","5":"has-post-thumbnail","7":"category-arts-et-design","8":"tag-arts","9":"tag-arts-and-design","10":"tag-arts-et-design","11":"tag-colloques-et-confu00e9rences","12":"tag-culture-et-loisirs","13":"tag-design","14":"tag-divertissement","15":"tag-entertainment","16":"tag-fr","17":"tag-france","18":"tag-montauban","19":"tag-tarn-et-garonne"},"share_on_mastodon":{"url":"","error":""},"_links":{"self":[{"href":"https:\/\/www.europesays.com\/fr\/wp-json\/wp\/v2\/posts\/602841","targetHints":{"allow":["GET"]}}],"collection":[{"href":"https:\/\/www.europesays.com\/fr\/wp-json\/wp\/v2\/posts"}],"about":[{"href":"https:\/\/www.europesays.com\/fr\/wp-json\/wp\/v2\/types\/post"}],"author":[{"embeddable":true,"href":"https:\/\/www.europesays.com\/fr\/wp-json\/wp\/v2\/users\/2"}],"replies":[{"embeddable":true,"href":"https:\/\/www.europesays.com\/fr\/wp-json\/wp\/v2\/comments?post=602841"}],"version-history":[{"count":0,"href":"https:\/\/www.europesays.com\/fr\/wp-json\/wp\/v2\/posts\/602841\/revisions"}],"wp:featuredmedia":[{"embeddable":true,"href":"https:\/\/www.europesays.com\/fr\/wp-json\/wp\/v2\/media\/602842"}],"wp:attachment":[{"href":"https:\/\/www.europesays.com\/fr\/wp-json\/wp\/v2\/media?parent=602841"}],"wp:term":[{"taxonomy":"category","embeddable":true,"href":"https:\/\/www.europesays.com\/fr\/wp-json\/wp\/v2\/categories?post=602841"},{"taxonomy":"post_tag","embeddable":true,"href":"https:\/\/www.europesays.com\/fr\/wp-json\/wp\/v2\/tags?post=602841"}],"curies":[{"name":"wp","href":"https:\/\/api.w.org\/{rel}","templated":true}]}}