{"id":602859,"date":"2025-12-16T11:11:15","date_gmt":"2025-12-16T11:11:15","guid":{"rendered":"https:\/\/www.europesays.com\/fr\/602859\/"},"modified":"2025-12-16T11:11:15","modified_gmt":"2025-12-16T11:11:15","slug":"la-chine-impose-des-droits-anti-dumping-sur-le-porc-europeen-pour-une-duree-de-cinq-ans","status":"publish","type":"post","link":"https:\/\/www.europesays.com\/fr\/602859\/","title":{"rendered":"La Chine impose des droits \u00ab\u00a0anti-dumping\u00a0\u00bb sur le porc europ\u00e9en, pour une dur\u00e9e de cinq ans"},"content":{"rendered":"\n<p class=\"c-chapo \">\n  Les taxes impos\u00e9es, nouveau signe des tensions commerciales entre P\u00e9kin et l&rsquo;Union europ\u00e9enne, seront de 4,9% et 19,8%.\n<\/p>\n<p>      lire plus tard<\/p>\n<p id=\"dialog__title\" class=\"dialog__title\">Pour sauvegarder cet article, connectez-vous ou cr\u00e9ez un compte franceinfo<\/p>\n<p class=\"dialog__description\">Sans paiement. Sans abonnement.<\/p>\n<p>        Fermer la fen\u00eatre d\u2019activation des notifications France Info<\/p>\n<p>      cr\u00e9er votre compte<\/p>\n<p>      se connecter<\/p>\n<p>      :<\/p>\n<p>        Fermer la fen\u00eatre de pr\u00e9sentation<\/p>\n<p>    <img loading=\"lazy\" decoding=\"async\" class=\"signature__image lazyload\" width=\"100\" height=\"100\" data- alt=\"\" src=\"https:\/\/www.europesays.com\/fr\/wp-content\/uploads\/2025\/05\/64a68815cd1a7_placeholder-36b69ec8.png\"\/><\/p>\n<p>    Publi\u00e9 le 16\/12\/2025 10:45<\/p>\n<p>        Temps de lecture : 1min<\/p>\n<p>    <img decoding=\"async\"  alt=\"Des porcs dans un \u00e9levage \u00e0 Confrancon, dans l'Ain, le 24 novembre 2022. (BERTRAND GUAY \/ AFP)\" width=\"432\" height=\"243\" src=\"https:\/\/www.europesays.com\/fr\/wp-content\/uploads\/2025\/12\/000-32ud7fe-694129c29403a664140657.jpg\" fetchpriority=\"high\"\/><\/p>\n<p>      Des porcs dans un \u00e9levage \u00e0 Confrancon, dans l&rsquo;Ain, le 24 novembre 2022. (BERTRAND GUAY \/ AFP)<\/p>\n<p>Un nouvel \u00e9pisode des tensions commerciales entre P\u00e9kin et l&rsquo;UE. La Chine a annonc\u00e9, mardi 16 d\u00e9cembre, imposer des droits \u00ab\u00a0anti-dumping\u00a0\u00bb allant de 4,9% \u00e0 19,8% sur le porc europ\u00e9en et ses sous-produits import\u00e9s. Cette mesure sera en vigueur \u00e0 partir de mercredi et pour une dur\u00e9e de cinq ans.<\/p>\n<p>Les autorit\u00e9s chinoises charg\u00e9es d&rsquo;une enqu\u00eate ouverte en juin 2024 \u00ab\u00a0sont arriv\u00e9es \u00e0 la conclusion que le porc et les produits \u00e0 base de porc import\u00e9s de l&rsquo;Union europ\u00e9enne donnaient lieu \u00e0 des pratiques de dumping, que l&rsquo;industrie nationale [chinoise] a subi des dommages importants et qu&rsquo;il existait un lien de causalit\u00e9 entre le dumping et ces dommages importants\u00a0\u00bb, a pr\u00e9cis\u00e9 le minist\u00e8re du Commerce. <\/p>\n<p>La Chine avait annonc\u00e9 le 5 septembre <a href=\"https:\/\/www.franceinfo.fr\/monde\/usa\/droits-de-douane\/la-chine-va-imposer-des-droits-de-douane-provisoires-sur-le-porc-en-provenance-de-l-union-europeenne_7475098.html\" target=\"_self\" rel=\"noopener noreferrer nofollow\" data-tooltip-url=\"https:\/\/www.franceinfo.fr\/monde\/usa\/droits-de-douane\/la-chine-va-imposer-des-droits-de-douane-provisoires-sur-le-porc-en-provenance-de-l-union-europeenne_7475098.html\">des droits provisoires sur le porc europ\u00e9en<\/a>, en attendant la conclusion de ces investigations. Ces droits \u00e9taient alors compris entre 15,6% et 62,4%. La Chine avait lanc\u00e9 ces investigations peu de temps apr\u00e8s <a href=\"https:\/\/www.franceinfo.fr\/monde\/europe\/union-europeenne\/l-union-europeenne-va-imposer-jusqu-a-35-de-surtaxes-sur-les-voitures-electriques-importees-de-chine-a-partir-de-jeudi_6866762.html\" target=\"_self\" rel=\"noopener noreferrer nofollow\" data-tooltip-url=\"https:\/\/www.franceinfo.fr\/monde\/europe\/union-europeenne\/l-union-europeenne-va-imposer-jusqu-a-35-de-surtaxes-sur-les-voitures-electriques-importees-de-chine-a-partir-de-jeudi_6866762.html\">l&rsquo;annonce par l&rsquo;UE de sa volont\u00e9 d&rsquo;imposer des droits de douane suppl\u00e9mentaires sur les v\u00e9hicules \u00e9lectriques fabriqu\u00e9s en Chine<\/a>.<\/p>\n","protected":false},"excerpt":{"rendered":"Les taxes impos\u00e9es, nouveau signe des tensions commerciales entre P\u00e9kin et l&rsquo;Union europ\u00e9enne, seront de 4,9% et 19,8%.&hellip;\n","protected":false},"author":2,"featured_media":602860,"comment_status":"","ping_status":"","sticky":false,"template":"","format":"standard","meta":{"footnotes":""},"categories":[5],"tags":[11,1011,27,14,12,28],"class_list":{"0":"post-602859","1":"post","2":"type-post","3":"status-publish","4":"format-standard","5":"has-post-thumbnail","7":"category-international","8":"tag-actualites","9":"tag-fr","10":"tag-france","11":"tag-international","12":"tag-news","13":"tag-world"},"share_on_mastodon":{"url":"https:\/\/pubeurope.com\/@fr\/115728948244504267","error":""},"_links":{"self":[{"href":"https:\/\/www.europesays.com\/fr\/wp-json\/wp\/v2\/posts\/602859","targetHints":{"allow":["GET"]}}],"collection":[{"href":"https:\/\/www.europesays.com\/fr\/wp-json\/wp\/v2\/posts"}],"about":[{"href":"https:\/\/www.europesays.com\/fr\/wp-json\/wp\/v2\/types\/post"}],"author":[{"embeddable":true,"href":"https:\/\/www.europesays.com\/fr\/wp-json\/wp\/v2\/users\/2"}],"replies":[{"embeddable":true,"href":"https:\/\/www.europesays.com\/fr\/wp-json\/wp\/v2\/comments?post=602859"}],"version-history":[{"count":0,"href":"https:\/\/www.europesays.com\/fr\/wp-json\/wp\/v2\/posts\/602859\/revisions"}],"wp:featuredmedia":[{"embeddable":true,"href":"https:\/\/www.europesays.com\/fr\/wp-json\/wp\/v2\/media\/602860"}],"wp:attachment":[{"href":"https:\/\/www.europesays.com\/fr\/wp-json\/wp\/v2\/media?parent=602859"}],"wp:term":[{"taxonomy":"category","embeddable":true,"href":"https:\/\/www.europesays.com\/fr\/wp-json\/wp\/v2\/categories?post=602859"},{"taxonomy":"post_tag","embeddable":true,"href":"https:\/\/www.europesays.com\/fr\/wp-json\/wp\/v2\/tags?post=602859"}],"curies":[{"name":"wp","href":"https:\/\/api.w.org\/{rel}","templated":true}]}}