{"id":602865,"date":"2025-12-16T11:14:18","date_gmt":"2025-12-16T11:14:18","guid":{"rendered":"https:\/\/www.europesays.com\/fr\/602865\/"},"modified":"2025-12-16T11:14:18","modified_gmt":"2025-12-16T11:14:18","slug":"les-deux-sont-une-forme-de-sacerdoce","status":"publish","type":"post","link":"https:\/\/www.europesays.com\/fr\/602865\/","title":{"rendered":"\u00ab\u00a0Les deux sont une forme de sacerdoce\u00a0\u00bb"},"content":{"rendered":"<p>Qu\u2019il soit militant, associatif, politique, citoyen ou encore humain, Cyrille Bonnefoy est un homme d\u2019engagement. \u00c9lu depuis 2001, maire depuis 2018, il m\u00e8ne en parall\u00e8le une carri\u00e8re d\u2019infirmier engag\u00e9e depuis trente ans.<\/p>\n<p>Que ce soit derri\u00e8re son bureau en mairie ou en blouse blanche \u00e0 l\u2019h\u00f4pital Le Corbusier, il jongle entre deux casquettes, deux engagements humains que l\u2019on peut mettre en parall\u00e8le\u2026<\/p>\n<p>Maire d\u2019un c\u00f4t\u00e9, infirmier de l\u2019autre, \u00ab\u00a0les deux sont une forme de sacerdoce\u00a0\u00bb<\/p>\n<p>Mais \u00ab\u00a0\u00eatre maire, ce n\u2019est pas un boulot, c\u2019est un service qu\u2019on rend \u00e0 la population\u00a0\u00bb s\u2019empresse-t-il de rajouter. \u00ab\u00a0Dans une commune comme La Ricamarie, c\u2019est presque un sacerdoce, parce qu\u2019humainement, \u00e7a engage beaucoup de choses, c\u2019est une ville avec une extr\u00eame fragilit\u00e9 sociale, une ville qui a beaucoup de vie dans tous les sens du terme, une vie tr\u00e8s positive <a href=\"https:\/\/www.leprogres.fr\/societe\/2025\/12\/13\/centre-culturel-nous-sommes-un-peu-proteges-par-notre-convention\" target=\"_blank\" rel=\"noopener\">culturelle<\/a> et humaine, <a href=\"https:\/\/www.leprogres.fr\/societe\/2023\/12\/20\/tissage-colore-ameliore-la-vie-de-quartier-depuis-30-ans-et-ca-se-fete\" target=\"_blank\" rel=\"noopener\">associative<\/a> , sportive mais aussi une ville de douleurs, de difficult\u00e9s socio-\u00e9conomiques, qui n\u00e9cessite de tr\u00e8s lourds&#8230;<\/p>\n","protected":false},"excerpt":{"rendered":"Qu\u2019il soit militant, associatif, politique, citoyen ou encore humain, Cyrille Bonnefoy est un homme d\u2019engagement. \u00c9lu depuis 2001,&hellip;\n","protected":false},"author":2,"featured_media":602866,"comment_status":"","ping_status":"","sticky":false,"template":"","format":"standard","meta":{"footnotes":""},"categories":[9653],"tags":[1111,11,2430,7539,4188,1777,674,1011,27,11324,11325,12,316,25,4001],"class_list":{"0":"post-602865","1":"post","2":"type-post","3":"status-publish","4":"format-standard","5":"has-post-thumbnail","7":"category-saint-etienne","8":"tag-actu","9":"tag-actualites","10":"tag-auvergne-rhone-alpes","11":"tag-edition-loire-sud","12":"tag-elections-municipales","13":"tag-eu","14":"tag-europe","15":"tag-fr","16":"tag-france","17":"tag-la-ricamarie","18":"tag-la-ricamarie-ville","19":"tag-news","20":"tag-politique","21":"tag-republique-francaise","22":"tag-saint-etienne"},"share_on_mastodon":{"url":"https:\/\/pubeurope.com\/@fr\/115728958293530585","error":""},"_links":{"self":[{"href":"https:\/\/www.europesays.com\/fr\/wp-json\/wp\/v2\/posts\/602865","targetHints":{"allow":["GET"]}}],"collection":[{"href":"https:\/\/www.europesays.com\/fr\/wp-json\/wp\/v2\/posts"}],"about":[{"href":"https:\/\/www.europesays.com\/fr\/wp-json\/wp\/v2\/types\/post"}],"author":[{"embeddable":true,"href":"https:\/\/www.europesays.com\/fr\/wp-json\/wp\/v2\/users\/2"}],"replies":[{"embeddable":true,"href":"https:\/\/www.europesays.com\/fr\/wp-json\/wp\/v2\/comments?post=602865"}],"version-history":[{"count":0,"href":"https:\/\/www.europesays.com\/fr\/wp-json\/wp\/v2\/posts\/602865\/revisions"}],"wp:featuredmedia":[{"embeddable":true,"href":"https:\/\/www.europesays.com\/fr\/wp-json\/wp\/v2\/media\/602866"}],"wp:attachment":[{"href":"https:\/\/www.europesays.com\/fr\/wp-json\/wp\/v2\/media?parent=602865"}],"wp:term":[{"taxonomy":"category","embeddable":true,"href":"https:\/\/www.europesays.com\/fr\/wp-json\/wp\/v2\/categories?post=602865"},{"taxonomy":"post_tag","embeddable":true,"href":"https:\/\/www.europesays.com\/fr\/wp-json\/wp\/v2\/tags?post=602865"}],"curies":[{"name":"wp","href":"https:\/\/api.w.org\/{rel}","templated":true}]}}