{"id":602874,"date":"2025-12-16T11:34:19","date_gmt":"2025-12-16T11:34:19","guid":{"rendered":"https:\/\/www.europesays.com\/fr\/602874\/"},"modified":"2025-12-16T11:34:19","modified_gmt":"2025-12-16T11:34:19","slug":"meteo-les-parcs-et-jardins-de-la-ville-de-toulon-sont-fermes-ce-mardi-16-decembre-2025","status":"publish","type":"post","link":"https:\/\/www.europesays.com\/fr\/602874\/","title":{"rendered":"M\u00e9t\u00e9o. Les parcs et jardins de la ville de Toulon sont ferm\u00e9s ce mardi 16 d\u00e9cembre 2025"},"content":{"rendered":"<p>                    Par<br \/>\n        <strong><br \/>\n            <a href=\"https:\/\/actu.fr\/auteur\/laetitia-soula-gmail-com\" title=\"Consulter tous les articles de Laetitia Soula\" target=\"_blank\" rel=\"noopener\">Laetitia Soula<\/a><br \/>\n                    <\/strong><\/p>\n<p>        Publi\u00e9 le<\/p>\n<p>            16 d\u00e9c. 2025 \u00e0 11h13        <\/p>\n<p>Depuis hier, l\u2019<strong>\u00e9pisode m\u00e9diterran\u00e9en<\/strong> qui se traduit par des <strong>pluies<\/strong> intenses et des <strong>orages<\/strong> dans le sud-est, a touch\u00e9 le d\u00e9partement du <a href=\"https:\/\/actu.fr\/provence-alpes-cote-d-azur\/var_83\" target=\"_blank\" rel=\"noopener\"><strong>Var<\/strong><\/a>. Dans un communiqu\u00e9 diffus\u00e9 sur ses <strong>r\u00e9seaux sociaux<\/strong>, la municipalit\u00e9 de <a href=\"https:\/\/actu.fr\/provence-alpes-cote-d-azur\/toulon_83137\" target=\"_blank\" rel=\"noopener\"><strong>Toulon<\/strong> <\/a>a annonc\u00e9 la <strong>fermeture des parcs et jardins<\/strong> de la ville ce mardi 16 d\u00e9cembre 2025.<\/p>\n<p>    <a href=\"https:\/\/www.facebook.com\/plugins\/post.php?href=https%3A%2F%2Fwww.facebook.com%2Fvilledetoulon%2Fposts%2Fpfbid0cep5TWFYhsFJhpfUDEAEKtXgygGARsN811tmeyiZca4H9RFm9SZQu9Y71Lns6VPol&amp;show_text=true&amp;width=350\" title=\"Ouvrie le lien\" target=\"_blank\" rel=\"noopener\">Cliquez ici pour visualiser le contenu<\/a><\/p>\n<p>Des rafales \u00e0 55 km\/h<\/p>\n<p class=\" wall-content\">La <strong>m\u00e9t\u00e9o<\/strong> reste capricieuse \u00e0 <strong>Toulon<\/strong>, les pr\u00e9visions indiquant un \u00e9pisode de pluie et de <strong>vent avec des rafales<\/strong> pouvant aller <strong>jusqu\u2019\u00e0 55 km\/h<\/strong> cet apr\u00e8s-midi.<\/p>\n<p class=\" wall-content\">\u00ab\u00a0Le temps <strong>se d\u00e9grade<\/strong> avec l\u2019arriv\u00e9e d\u2019une d\u00e9pression sur le <strong>proche Atlantique<\/strong> faisant remonter l\u2019<strong>ex-d\u00e9pression Emilia<\/strong> c\u00f4t\u00e9 M\u00e9diterran\u00e9e\u00a0\u00bb, indiquent les services de <a href=\"https:\/\/meteofrance.com\/actualites-et-dossiers\/actualites\/episode-mediterraneen-dans-le-sud-est-lundi-15-et-mardi-16\" target=\"_blank\" rel=\"noopener\"><strong>M\u00e9t\u00e9o France<\/strong><\/a>.<\/p>\n<p>R\u00e9ouverture programm\u00e9e demain<\/p>\n<p class=\" wall-content\">La municipalit\u00e9 de <strong>Toulon<\/strong> annonce qu\u2019une <strong>r\u00e9ouverture<\/strong> des parcs et jardins est <strong>programm\u00e9e<\/strong> \u00ab\u00a0pour le mercredi 17 d\u00e9cembre 2025 aux <strong>horaires habituels<\/strong>\u00a0\u00bb.<\/p>\n<p class=\" wall-content\">Selon <strong>M\u00e9t\u00e9o France<\/strong>, la d\u00e9gradation devrait se g\u00e9n\u00e9raliser en fin de semaine. \u00ab\u00a0Une nouvelle <strong>perturbation pluvieuse<\/strong> va gagner le pays samedi et dimanche g\u00e9n\u00e9rant un <strong>temps maussade<\/strong> sur l\u2019ensemble de la France avec des <strong>cumuls de pluie<\/strong> de nouveau \u00e0 surveiller dans le sud-est\u00a0\u00bb.<\/p>\n<p class=\" wall-content\">Personnalisez votre actualit\u00e9 en ajoutant vos villes et m\u00e9dias en favori avec <a href=\"https:\/\/moncompte.actu.fr\" title=\"D\u00e9couvez Mon Actu\" rel=\"nofollow noopener\" data-trk=\"{&quot;cta&quot;:{&quot;action&quot;:&quot;https:\\\/\\\/moncompte.actu.fr&quot;,&quot;category&quot;:&quot;mon compte&quot;,&quot;from&quot;:&quot;article footer&quot;,&quot;name&quot;:&quot;Mon actu&quot;,&quot;type&quot;:&quot;cta&quot;}}\" target=\"_blank\">Mon Actu<\/a>.<\/p>\n","protected":false},"excerpt":{"rendered":"Par Laetitia Soula Publi\u00e9 le 16 d\u00e9c. 2025 \u00e0 11h13 Depuis hier, l\u2019\u00e9pisode m\u00e9diterran\u00e9en qui se traduit par&hellip;\n","protected":false},"author":2,"featured_media":602875,"comment_status":"","ping_status":"","sticky":false,"template":"","format":"standard","meta":{"footnotes":""},"categories":[9619],"tags":[1111,11,1777,674,1011,27,2487,2357,10509,12,882,25,10965,2310],"class_list":{"0":"post-602874","1":"post","2":"type-post","3":"status-publish","4":"format-standard","5":"has-post-thumbnail","7":"category-toulon","8":"tag-actu","9":"tag-actualites","10":"tag-eu","11":"tag-europe","12":"tag-fr","13":"tag-france","14":"tag-meteo","15":"tag-meteo-france","16":"tag-mistral-vent","17":"tag-news","18":"tag-provence-alpes-cote-dazur","19":"tag-republique-francaise","20":"tag-securite-civile","21":"tag-toulon"},"share_on_mastodon":{"url":"https:\/\/pubeurope.com\/@fr\/115729037111412083","error":""},"_links":{"self":[{"href":"https:\/\/www.europesays.com\/fr\/wp-json\/wp\/v2\/posts\/602874","targetHints":{"allow":["GET"]}}],"collection":[{"href":"https:\/\/www.europesays.com\/fr\/wp-json\/wp\/v2\/posts"}],"about":[{"href":"https:\/\/www.europesays.com\/fr\/wp-json\/wp\/v2\/types\/post"}],"author":[{"embeddable":true,"href":"https:\/\/www.europesays.com\/fr\/wp-json\/wp\/v2\/users\/2"}],"replies":[{"embeddable":true,"href":"https:\/\/www.europesays.com\/fr\/wp-json\/wp\/v2\/comments?post=602874"}],"version-history":[{"count":0,"href":"https:\/\/www.europesays.com\/fr\/wp-json\/wp\/v2\/posts\/602874\/revisions"}],"wp:featuredmedia":[{"embeddable":true,"href":"https:\/\/www.europesays.com\/fr\/wp-json\/wp\/v2\/media\/602875"}],"wp:attachment":[{"href":"https:\/\/www.europesays.com\/fr\/wp-json\/wp\/v2\/media?parent=602874"}],"wp:term":[{"taxonomy":"category","embeddable":true,"href":"https:\/\/www.europesays.com\/fr\/wp-json\/wp\/v2\/categories?post=602874"},{"taxonomy":"post_tag","embeddable":true,"href":"https:\/\/www.europesays.com\/fr\/wp-json\/wp\/v2\/tags?post=602874"}],"curies":[{"name":"wp","href":"https:\/\/api.w.org\/{rel}","templated":true}]}}