{"id":602876,"date":"2025-12-16T11:35:15","date_gmt":"2025-12-16T11:35:15","guid":{"rendered":"https:\/\/www.europesays.com\/fr\/602876\/"},"modified":"2025-12-16T11:35:15","modified_gmt":"2025-12-16T11:35:15","slug":"un-mois-apres-une-attaque-incendiaire-une-epicerie-montpellieraine-fait-lobjet-de-degradations-a-repetition-et-de-pillages","status":"publish","type":"post","link":"https:\/\/www.europesays.com\/fr\/602876\/","title":{"rendered":"Un mois apr\u00e8s une attaque incendiaire, une \u00e9picerie montpelli\u00e9raine fait l\u2019objet de d\u00e9gradations \u00e0 r\u00e9p\u00e9tition et de pillages"},"content":{"rendered":"<p>\n                                                                Porte vitr\u00e9e cass\u00e9e et devanture tagu\u00e9e\u00a0! Depuis un mois, l\u2019\u00e9picerie Slimaxx, implant\u00e9e dans le quartier Saint-Martin \u00e0 Montpellier, qui avait fait l\u2019objet d\u2019une attaque incendiaire perp\u00e9tr\u00e9e par un individu encagoul\u00e9 et arm\u00e9 le 7\u00a0novembre dernier, est la cible de repr\u00e9sailles. Dans la nuit de vendredi \u00e0 samedi 13\u00a0d\u00e9cembre, trois jeunes majeurs ont \u00e9t\u00e9 arr\u00eat\u00e9s en flagrant d\u00e9lit de cambriolage au sein dudit commerce.\n                            <\/p>\n<p>D\u00e9j\u00e0 ravag\u00e9e par <a href=\"https:\/\/www.midilibre.fr\/2025\/11\/07\/un-homme-encagoule-et-arme-met-le-feu-a-une-epicerie-apres-avoir-menace-des-clients-et-un-employe-a-montpellier-13038781.php\" target=\"_self\" rel=\"noopener\">un violent incendie volontaire dans la nuit du jeudi\u00a06 au vendredi 7\u00a0novembre dernier<\/a>, l\u2019\u00e9picerie Slimaxx, situ\u00e9e au n\u00b0723 de l\u2019avenue du Mar\u00e9chal-Leclerc dans le quartier Saint-Martin \u00e0 Montpellier, continue d\u2019\u00eatre la cible de d\u00e9gradations et de vols \u00e0 r\u00e9p\u00e9tition. Dans la nuit de vendredi \u00e0 samedi 13\u00a0d\u00e9cembre, trois jeunes majeurs ont ainsi \u00e9t\u00e9 interpell\u00e9s par la police municipale alors qu\u2019ils venaient de cambrioler le commerce sinistr\u00e9.<\/p>\n<p>Aux alentours de 2\u00a0heures du matin, des agents municipaux ont \u00e9t\u00e9 alert\u00e9s par des riverains signalant des allers-retours suspects entre l\u2019\u00e9picerie et le parc Jean-Vachet, situ\u00e9 \u00e0 environ 400 m\u00e8tres. Sur place, les policiers ont surpris\u00a0trois individus transportant des sacs remplis de bouteilles. Les suspects, \u00e2g\u00e9s de 18, 19 et 20 ans, tous domicili\u00e9s \u00e0 Montpellier, ont \u00e9t\u00e9 interpell\u00e9s sans incident.<\/p>\n<p>Pris la main dans le sac<\/p>\n<p>Au total, 18 sacs\u00a0ont \u00e9t\u00e9 r\u00e9cup\u00e9r\u00e9s, contenant pr\u00e8s de 200 bouteilles, essentiellement des sodas, mais aussi quelques bouteilles d\u2019alcool, notamment de la bi\u00e8re et du vin, provenant dudit commerce. Plac\u00e9\u00a0en garde \u00e0 vue, le\u00a0trio\u00a0a reconnu les faits en expliquant que depuis l\u2019incendie survenu d\u00e9but novembre, l\u2019\u00e9picerie restait\u00a0largement ouverte et accessible. \u00ab\u00a0La grille \u00e9tait d\u00e9j\u00e0 forc\u00e9e, tout le monde peut entrer et se servir\u00a0\u00bb, auraient-ils d\u00e9clar\u00e9 aux enqu\u00eateurs.<\/p>\n<p>Depuis le sinistre, le commerce semble en effet livr\u00e9 aux d\u00e9gradations. La devanture porte encore les stigmates de violences r\u00e9p\u00e9t\u00e9es \u00e0 l\u2019instar des vitres bris\u00e9es \u00e0 coups de masse ou de pierre, du rideau m\u00e9tallique endommag\u00e9 et des nombreux tags \u00e0 la bombe jaune et bleue, parmi lesquels des inscriptions insultantes telles que \u00ab\u00a0T\u00a0MORT\u00a0\u00bb, \u00ab\u00a0FDP\u00a0\u00bb, \u00ab\u00a0NTM\u00a0\u00bb\u00a0ou encore \u00ab\u00a0SLP\u00a0\u00bb.<\/p>\n<p>Aucun commentaire de la part du propri\u00e9taire du commerce<\/p>\n<p>Pour rappel, dans la nuit du 7\u00a0novembre, un individu encagoul\u00e9 et gant\u00e9 avait fait irruption dans l\u2019\u00e9picerie alors qu\u2019un employ\u00e9 et plusieurs clients s\u2019y trouvaient encore. Sous la menace d\u2019une arme de poing, il les avait contraints \u00e0 quitter les lieux avant de r\u00e9pandre un liquide inflammable et d\u2019y mettre le feu. Le commerce avait \u00e9t\u00e9 enti\u00e8rement d\u00e9truit par les flammes, sans faire de bless\u00e9s. L\u2019auteur des faits avait ensuite pris la fuite. Il est toujours activement recherch\u00e9.<\/p>\n<p>\u00c0 l\u2019issue de leur garde \u00e0 vue, les trois cambrioleurs pr\u00e9sum\u00e9s ont \u00e9t\u00e9 remis en libert\u00e9 et feront l\u2019objet d\u2019une convocation devant la justice au mois de janvier. Une nouvelle illustration, pour le propri\u00e9taire des lieux rencontr\u00e9 sur place mais qui n\u2019a pas souhait\u00e9 s\u2019exprimer, du sentiment d\u2019abandon entourant ce commerce incendi\u00e9, devenu en quelques semaines la cible du quartier.<\/p>\n<p>\u00c0 noter que dans la nuit du 20 au 21\u00a0novembre dernier, un autre incendie criminel, visant une autre \u00e9picerie situ\u00e9e \u00e0 quelques centaines de m\u00e8tres de l\u00e0, <a href=\"https:\/\/www.midilibre.fr\/2025\/11\/28\/incendie-mortel-de-la-tour-saint-martin-le-parquet-de-montpellier-ouvre-une-information-judiciaire-pour-assassinat-13080238.php\" target=\"_self\" rel=\"noopener\">a caus\u00e9 la mort d\u2019un jeune Montpelli\u00e9rain de 19 ans<\/a>.<\/p>\n","protected":false},"excerpt":{"rendered":"Porte vitr\u00e9e cass\u00e9e et devanture tagu\u00e9e\u00a0! Depuis un mois, l\u2019\u00e9picerie Slimaxx, implant\u00e9e dans le quartier Saint-Martin \u00e0 Montpellier,&hellip;\n","protected":false},"author":2,"featured_media":602877,"comment_status":"","ping_status":"","sticky":false,"template":"","format":"standard","meta":{"footnotes":""},"categories":[9599],"tags":[1111,11,1777,674,118,1011,27,7089,2208,12,2680,25],"class_list":{"0":"post-602876","1":"post","2":"type-post","3":"status-publish","4":"format-standard","5":"has-post-thumbnail","7":"category-montpellier","8":"tag-actu","9":"tag-actualites","10":"tag-eu","11":"tag-europe","12":"tag-faits-divers","13":"tag-fr","14":"tag-france","15":"tag-herault","16":"tag-montpellier","17":"tag-news","18":"tag-occitanie","19":"tag-republique-francaise"},"share_on_mastodon":{"url":"https:\/\/pubeurope.com\/@fr\/115729041129462466","error":""},"_links":{"self":[{"href":"https:\/\/www.europesays.com\/fr\/wp-json\/wp\/v2\/posts\/602876","targetHints":{"allow":["GET"]}}],"collection":[{"href":"https:\/\/www.europesays.com\/fr\/wp-json\/wp\/v2\/posts"}],"about":[{"href":"https:\/\/www.europesays.com\/fr\/wp-json\/wp\/v2\/types\/post"}],"author":[{"embeddable":true,"href":"https:\/\/www.europesays.com\/fr\/wp-json\/wp\/v2\/users\/2"}],"replies":[{"embeddable":true,"href":"https:\/\/www.europesays.com\/fr\/wp-json\/wp\/v2\/comments?post=602876"}],"version-history":[{"count":0,"href":"https:\/\/www.europesays.com\/fr\/wp-json\/wp\/v2\/posts\/602876\/revisions"}],"wp:featuredmedia":[{"embeddable":true,"href":"https:\/\/www.europesays.com\/fr\/wp-json\/wp\/v2\/media\/602877"}],"wp:attachment":[{"href":"https:\/\/www.europesays.com\/fr\/wp-json\/wp\/v2\/media?parent=602876"}],"wp:term":[{"taxonomy":"category","embeddable":true,"href":"https:\/\/www.europesays.com\/fr\/wp-json\/wp\/v2\/categories?post=602876"},{"taxonomy":"post_tag","embeddable":true,"href":"https:\/\/www.europesays.com\/fr\/wp-json\/wp\/v2\/tags?post=602876"}],"curies":[{"name":"wp","href":"https:\/\/api.w.org\/{rel}","templated":true}]}}