{"id":602878,"date":"2025-12-16T11:36:14","date_gmt":"2025-12-16T11:36:14","guid":{"rendered":"https:\/\/www.europesays.com\/fr\/602878\/"},"modified":"2025-12-16T11:36:14","modified_gmt":"2025-12-16T11:36:14","slug":"ou-se-trouve-le-chalet-de-la-societe-trapon-avec-de-beaux-champignons","status":"publish","type":"post","link":"https:\/\/www.europesays.com\/fr\/602878\/","title":{"rendered":"o\u00f9 se trouve le chalet de la soci\u00e9t\u00e9 Trapon avec de beaux champignons\u00a0?"},"content":{"rendered":"<p>                    Par<br \/>\n        <strong><br \/>\n            <a href=\"https:\/\/actu.fr\/auteur\/metropoop\" title=\"Consulter tous les articles de R\u00e9daction M\u00e9tropolitain\" target=\"_blank\" rel=\"noopener\">R\u00e9daction M\u00e9tropolitain<\/a><br \/>\n                    <\/strong><\/p>\n<p>        Publi\u00e9 le<\/p>\n<p>            16 d\u00e9c. 2025 \u00e0 12h25        <\/p>\n<p>Et si vous cuisiniez l\u2019incontournable <strong>dinde de No\u00ebl<\/strong> aux champignons du Massif Central ? Voil\u00e0 une bonne id\u00e9e pour r\u00e9galer les convives autour de la traditionnelle table festive. Bien entendu, si vous avez pr\u00e9vu de cuisiner un autre plat que la dinde pour No\u00ebl, on peut d\u00e9guster ce met savoureux pour le repas du Jour de l\u2019An.<\/p>\n<p class=\" wall-content\">Dans la galerie marchande du Polygone, \u00e0 Montpellier, le chalet de la <strong>soci\u00e9t\u00e9 Trapon Champignons<\/strong> ne passe pas inaper\u00e7u, dans l\u2019espace situ\u00e9 \u00a0au niveau de la Fnac.<\/p>\n<p class=\" wall-content\">La soci\u00e9t\u00e9 Trapon r\u00e9colte les champignons \u00a0dans le Massif Central depuis quatre g\u00e9n\u00e9rations, c\u2019est dire si c\u2019est une enseigne de poids r\u00e9put\u00e9e. Elle commercialise entre 350 et 800 tonnes de champignons sauvages frais chaque ann\u00e9e, dont les c\u00e8pes et les morilles. Avis aux amateurs.<\/p>\n<p>    <a href=\"https:\/\/www.google.com\/maps\/embed?pb=!1m18!1m12!1m3!1d4200.411103520359!2d3.8824226233656116!3d43.608190244945106!2m3!1f0!2f0!3f0!3m2!1i1024!2i768!4f13.1!3m3!1m2!1s0x12b6afa047b78a77%3A0x2a496e9a99a5d4a5!2sPolygone%20Montpellier!5e0!3m2!1sfr!2sfr!4v1765876380194!5m2!1sfr!2sfr\" title=\"Ouvrie le lien\" target=\"_blank\" rel=\"noopener\">Cliquez ici pour visualiser le contenu<\/a><\/p>\n<p class=\" wall-content\">Elle est \u00e9galement sp\u00e9cialis\u00e9e dans la collecte de myrtilles sauvages, l\u2019ail des ours (ail sauvage ) et des asperges des bois.\u00a0La maman, Jo\u00eblle Trapon est install\u00e9e \u00e0 <strong>Mauguio<\/strong> depuis plus de quinze ans et \u2060elle exp\u00e9die ces champignons, frais, secs et surgel\u00e9s partout dans le monde, dont le Japon, Duba\u00ef et les \u00c9tats-Unis.<\/p>\n<p>Vid\u00e9os : en ce moment sur Actu<\/p>\n<p class=\" wall-content\">C\u2019est elle qui accueille les visiteurs jusqu\u2019au dimanche 28 d\u00e9cembre 2025 inclus. Vous avez la possibilit\u00e9 de faire composer votre coffret cadeau suivant vos go\u00fbts pour des cadeaux de fin d\u2019ann\u00e9e personnalis\u00e9s.<\/p>\n<p class=\" wall-content\">Il y en a pour tous les go\u00fbts et toutes les bourses : du frais, du sec, des soupes, des sauces, du brie truff\u00e9, etc. Faites vous plaisir, dans le champignon tout est bon !\u00a0<\/p>\n<p class=\" wall-content\">Personnalisez votre actualit\u00e9 en ajoutant vos villes et m\u00e9dias en favori avec <a href=\"https:\/\/moncompte.actu.fr\" title=\"D\u00e9couvez Mon Actu\" rel=\"nofollow noopener\" data-trk=\"{&quot;cta&quot;:{&quot;action&quot;:&quot;https:\\\/\\\/moncompte.actu.fr&quot;,&quot;category&quot;:&quot;mon compte&quot;,&quot;from&quot;:&quot;article footer&quot;,&quot;name&quot;:&quot;Mon actu&quot;,&quot;type&quot;:&quot;cta&quot;}}\" target=\"_blank\">Mon Actu<\/a>.<\/p>\n","protected":false},"excerpt":{"rendered":"Par R\u00e9daction M\u00e9tropolitain Publi\u00e9 le 16 d\u00e9c. 2025 \u00e0 12h25 Et si vous cuisiniez l\u2019incontournable dinde de No\u00ebl&hellip;\n","protected":false},"author":2,"featured_media":602879,"comment_status":"","ping_status":"","sticky":false,"template":"","format":"standard","meta":{"footnotes":""},"categories":[9599],"tags":[1111,11,1777,674,1011,27,1305,2208,12,2680,25],"class_list":{"0":"post-602878","1":"post","2":"type-post","3":"status-publish","4":"format-standard","5":"has-post-thumbnail","7":"category-montpellier","8":"tag-actu","9":"tag-actualites","10":"tag-eu","11":"tag-europe","12":"tag-fr","13":"tag-france","14":"tag-lifestyle","15":"tag-montpellier","16":"tag-news","17":"tag-occitanie","18":"tag-republique-francaise"},"share_on_mastodon":{"url":"https:\/\/pubeurope.com\/@fr\/115729044993439902","error":""},"_links":{"self":[{"href":"https:\/\/www.europesays.com\/fr\/wp-json\/wp\/v2\/posts\/602878","targetHints":{"allow":["GET"]}}],"collection":[{"href":"https:\/\/www.europesays.com\/fr\/wp-json\/wp\/v2\/posts"}],"about":[{"href":"https:\/\/www.europesays.com\/fr\/wp-json\/wp\/v2\/types\/post"}],"author":[{"embeddable":true,"href":"https:\/\/www.europesays.com\/fr\/wp-json\/wp\/v2\/users\/2"}],"replies":[{"embeddable":true,"href":"https:\/\/www.europesays.com\/fr\/wp-json\/wp\/v2\/comments?post=602878"}],"version-history":[{"count":0,"href":"https:\/\/www.europesays.com\/fr\/wp-json\/wp\/v2\/posts\/602878\/revisions"}],"wp:featuredmedia":[{"embeddable":true,"href":"https:\/\/www.europesays.com\/fr\/wp-json\/wp\/v2\/media\/602879"}],"wp:attachment":[{"href":"https:\/\/www.europesays.com\/fr\/wp-json\/wp\/v2\/media?parent=602878"}],"wp:term":[{"taxonomy":"category","embeddable":true,"href":"https:\/\/www.europesays.com\/fr\/wp-json\/wp\/v2\/categories?post=602878"},{"taxonomy":"post_tag","embeddable":true,"href":"https:\/\/www.europesays.com\/fr\/wp-json\/wp\/v2\/tags?post=602878"}],"curies":[{"name":"wp","href":"https:\/\/api.w.org\/{rel}","templated":true}]}}