{"id":602882,"date":"2025-12-16T11:38:21","date_gmt":"2025-12-16T11:38:21","guid":{"rendered":"https:\/\/www.europesays.com\/fr\/602882\/"},"modified":"2025-12-16T11:38:21","modified_gmt":"2025-12-16T11:38:21","slug":"un-plateau-de-top-joueuses-mondiales-a-rouen-lopen-de-tennis-feminin-a-trace-sa-route","status":"publish","type":"post","link":"https:\/\/www.europesays.com\/fr\/602882\/","title":{"rendered":"\u00ab\u00a0Un plateau de top joueuses mondiales\u00a0\u00bb\u00a0: \u00e0 Rouen, l\u2019Open de tennis f\u00e9minin a trac\u00e9 sa route"},"content":{"rendered":"<p class=\"paragraph text_align_left lp-f-body-02\">Lorsqu\u2019en 2014, le tennisman normand Charles Roche lance un tournoi de tennis \u00e0 Rouen (Seine-Maritime), c\u2019est surtout pour rendre \u00e0 son sport toutes les \u00e9motions qu\u2019il lui a procur\u00e9. Une comp\u00e9tition sans point \u00e0 glaner au classement international, mais avec des tableaux masculins et f\u00e9minins que son carnet d\u2019adresses et ses ann\u00e9es sur le circuit professionnel permettent de remplir plus facilement.<\/p>\n<p class=\"\">Lui ambitionne de poursuivre dans le monde de la petite balle jaune une honn\u00eate carri\u00e8re de joueur professionnel, pr\u00e9sent dans le top 50 des joueurs fran\u00e7ais durant six ans, et qui l\u2019a vu battre en 2001 Rafael Nadal alors que le prodige espagnol est \u00ab juste \u00bb un adolescent surdou\u00e9. \u00ab Je me souviens de la premi\u00e8re fois o\u00f9 je suis mont\u00e9 \u00e0 Roland-Garros avec le comit\u00e9 d\u00e9partemental. J\u2019\u00e9tais tout jeune. Je venais du secteur d\u2019Eu-Le Tr\u00e9port. C\u2019\u00e9tait magique. Et dans un coin de ma t\u00eate, j\u2019ai toujours voulu un jour organiser un tournoi \u00bb.<\/p>\n<p>Meilleur tournoi international f\u00e9minin fran\u00e7ais 2025<\/p>\n<p class=\"\">Aujourd\u2019hui, les ann\u00e9es ont pass\u00e9. Et le voil\u00e0 \u00e0 la t\u00eate de l\u2019Open Cap Finances-Rouen M\u00e9tropole, un tournoi WTA 250 qui vient de recevoir le titre de Meilleur tournoi international f\u00e9minin fran\u00e7ais 2025 d\u00e9cern\u00e9 par Pro Elle Tennis lors de la 8e \u00e9dition des Troph\u00e9es du tennis F\u00e9minin.<\/p>\n<p class=\"\">\u00ab \u00c7a r\u00e9compense le travail d\u2019une \u00e9quipe mobilis\u00e9e toute l\u2019ann\u00e9e pour la r\u00e9ussite de l\u2019\u00e9v\u00e9nement. C\u2019est une victoire collective \u00bb, appr\u00e9cie son directeur, heureux d\u2019avoir crois\u00e9 lors de la derni\u00e8re \u00e9dition le vainqueur des deux premiers tournois rouennais, J\u00e9r\u00e9my Chardy, devenu coach. \u00ab A l\u2019\u00e9poque, il \u00e9tait dans les 25 premiers mondiaux. C\u2019\u00e9tait super de pouvoir le voir jouer ici. On s\u2019est rem\u00e9mor\u00e9 cette \u00e9poque et on a pu appr\u00e9cier le chemin parcouru \u00bb.<\/p>\n<p><img decoding=\"async\" class=\"image \" loading=\"lazy\" src=\"https:\/\/www.europesays.com\/fr\/wp-content\/uploads\/2025\/12\/4ZW4BETYK5HJFMCZRLKJLJNCS4.jpg\" alt=\"Le baiser \u00e9chang\u00e9 par Ga\u00ebl Monfils et son \u00e9pouse est l'un des grands souvenir de l'\u00e9preuve. DR \" align=\"\" data-rubrique-principale=\"\" data-article-type=\"\" fetchpriority=\"auto\"\/>Le baiser \u00e9chang\u00e9 par Ga\u00ebl Monfils et son \u00e9pouse est l&rsquo;un des grands souvenir de l&rsquo;\u00e9preuve. DR<\/p>\n<p class=\"\">Un chemin qu\u2019emprunte toujours une quinzaine de b\u00e9n\u00e9voles de la premi\u00e8re heure qui ont connu les d\u00e9buts de l\u2019aventure. Les p\u00e9riodes de doute aussi, notamment durant le Covid. \u00ab On a d\u00fb annuler l\u2019\u00e9dition 2020 apr\u00e8s avoir tout tent\u00e9 pour l\u2019organiser dans les meilleures conditions possibles. On ne savait pas comment on allait rebondir \u00bb, continue Charles Roche. Ce sera avec une finale 2021 opposant Jo-Wilfried Tsonga \u00e0 Richard Gasquet avec la victoire du premier devant pas loin de 4 000 spectateurs.<\/p>\n<p>Le baiser de Ga\u00ebl Monfils et de sa femme, Elina Svitolina<\/p>\n<p class=\"\">Dans la foul\u00e9e, il rencontre Ga\u00ebtan Muller, plus connu dans l\u2019univers du basket-ball, mais qui est aussi pr\u00e9sident de Sport Plus Conseil, une soci\u00e9t\u00e9 d\u2019\u00e9v\u00e9nementiel. Et surtout un enfant du pays. Partageant la m\u00eame envie de cr\u00e9er un \u00e9v\u00e9nement sportif autour du tennis au sein du Kindarena, le palais de sports rouennais, ils unissent leur force pour accueillir un tournoi WTA 125 (le tout premier niveau) en 2022. Et remportent l\u2019attribution \u00e0 partir de 2024 d\u2019une \u00e9preuve plus prestigieuse devant se d\u00e9rouler en avril sur terre battue. En 2026, ce sera du 11 au 19 avril.<\/p>\n<p class=\"\">\u00ab On s\u2019est recentr\u00e9 sur le tennis f\u00e9minin, avec un plateau de top joueuses mondiales. Et parall\u00e8lement on organise un tournoi de tennis-fauteuil, d\u00e9taille l\u2019ancien champion. Et surtout on essaie de garder une certaine proximit\u00e9 avec les joueuses, les faire se sentir chez elles durant une semaine \u00bb. Le secret sans doute de la r\u00e9ussite d\u2019une \u00e9preuve qui a accueilli 22 000 spectateurs en 2025. Et donn\u00e9 \u00e0 voir de belles images comme le baiser \u00e9chang\u00e9 \u00e0 l\u2019issue de la finale entre la laur\u00e9ate de l\u2019\u00e9preuve, l\u2019Ukrainienne Elina Svitolina, et le champion fran\u00e7ais Ga\u00ebl Monfils, venu encourager sa femme.<\/p>\n<p class=\"\">Mais Charles Roche insiste : \u00ab Ce qui me fait le plus plaisir certainement, c\u2019est de voir les gamins venir chercher des autographes, avoir les yeux qui s\u2019illuminent devant ces championnes. C\u2019est quelque chose dont ils se souviendront \u00bb.<\/p>\n","protected":false},"excerpt":{"rendered":"Lorsqu\u2019en 2014, le tennisman normand Charles Roche lance un tournoi de tennis \u00e0 Rouen (Seine-Maritime), c\u2019est surtout pour&hellip;\n","protected":false},"author":2,"featured_media":602883,"comment_status":"","ping_status":"","sticky":false,"template":"","format":"standard","meta":{"footnotes":""},"categories":[9587],"tags":[1111,917,11,459,1777,674,1011,27,12,5161,25,9590,11074,60],"class_list":{"0":"post-602882","1":"post","2":"type-post","3":"status-publish","4":"format-standard","5":"has-post-thumbnail","7":"category-rouen","8":"tag-actu","9":"tag-actu-locale","10":"tag-actualites","11":"tag-departements-horsidfo","12":"tag-eu","13":"tag-europe","14":"tag-fr","15":"tag-france","16":"tag-news","17":"tag-normandie","18":"tag-republique-francaise","19":"tag-rouen","20":"tag-seine-maritime-76","21":"tag-sports"},"share_on_mastodon":{"url":"https:\/\/pubeurope.com\/@fr\/115729054508375111","error":""},"_links":{"self":[{"href":"https:\/\/www.europesays.com\/fr\/wp-json\/wp\/v2\/posts\/602882","targetHints":{"allow":["GET"]}}],"collection":[{"href":"https:\/\/www.europesays.com\/fr\/wp-json\/wp\/v2\/posts"}],"about":[{"href":"https:\/\/www.europesays.com\/fr\/wp-json\/wp\/v2\/types\/post"}],"author":[{"embeddable":true,"href":"https:\/\/www.europesays.com\/fr\/wp-json\/wp\/v2\/users\/2"}],"replies":[{"embeddable":true,"href":"https:\/\/www.europesays.com\/fr\/wp-json\/wp\/v2\/comments?post=602882"}],"version-history":[{"count":0,"href":"https:\/\/www.europesays.com\/fr\/wp-json\/wp\/v2\/posts\/602882\/revisions"}],"wp:featuredmedia":[{"embeddable":true,"href":"https:\/\/www.europesays.com\/fr\/wp-json\/wp\/v2\/media\/602883"}],"wp:attachment":[{"href":"https:\/\/www.europesays.com\/fr\/wp-json\/wp\/v2\/media?parent=602882"}],"wp:term":[{"taxonomy":"category","embeddable":true,"href":"https:\/\/www.europesays.com\/fr\/wp-json\/wp\/v2\/categories?post=602882"},{"taxonomy":"post_tag","embeddable":true,"href":"https:\/\/www.europesays.com\/fr\/wp-json\/wp\/v2\/tags?post=602882"}],"curies":[{"name":"wp","href":"https:\/\/api.w.org\/{rel}","templated":true}]}}