{"id":602884,"date":"2025-12-16T11:39:10","date_gmt":"2025-12-16T11:39:10","guid":{"rendered":"https:\/\/www.europesays.com\/fr\/602884\/"},"modified":"2025-12-16T11:39:10","modified_gmt":"2025-12-16T11:39:10","slug":"grenoble-un-jeune-homme-gravement-blesse-par-balles-dans-le-quartier-saint-bruno","status":"publish","type":"post","link":"https:\/\/www.europesays.com\/fr\/602884\/","title":{"rendered":"Grenoble. Un jeune homme gravement bless\u00e9 par balles dans le quartier Saint-Bruno"},"content":{"rendered":"<p>Un jeune homme de 24 ans a \u00e9t\u00e9 transport\u00e9 en urgence absolue au CHU Grenoble Alpes dans la nuit de lundi \u00e0 mardi apr\u00e8s avoir \u00e9t\u00e9 bless\u00e9 par balles alors qu\u2019il se trouvait dans le quartier Saint-Bruno, apprend Le Dauphin\u00e9 Lib\u00e9r\u00e9.<\/p>\n<p>Le drame s\u2019est produit peu avant 23 heures sur la place Saint-Bruno o\u00f9 se trouve l\u2019un des points de deal historiques de l\u2019agglom\u00e9ration grenobloise, et plus pr\u00e9cis\u00e9ment du centre-ville. Selon les premi\u00e8res informations, la victime aurait re\u00e7u plusieurs projectiles, dont l\u2019un l\u2019a atteint \u00e0 la t\u00eate. Il a \u00e9t\u00e9 secouru inconscient par les sapeurs-pompiers et le Samu. Les services de police ont ouvert une enqu\u00eate.<\/p>\n<p>Ce contenu est bloqu\u00e9 car vous n&rsquo;avez pas accept\u00e9 les cookies et autres traceurs.<\/p>\n<p>En cliquant sur \u00ab J\u2019accepte \u00bb, les cookies et autres traceurs seront d\u00e9pos\u00e9s et vous pourrez visualiser les contenus  (<a href=\"\" class=\"consentModule_policy\" target=\"_blank\" title=\"Consulter la politique de protection des donn\u00e9es du fournisseur\">plus d&rsquo;informations<\/a>).<\/p>\n<p>En cliquant sur \u00ab J\u2019accepte tous les cookies \u00bb, vous autorisez des d\u00e9p\u00f4ts de cookies et autres traceurs pour le stockage de vos donn\u00e9es sur nos sites et applications \u00e0 des fins de personnalisation et de ciblage publicitaire.<\/p>\n<p class=\"consentModule_secondaryText\">Vous gardez la possibilit\u00e9 de retirer votre consentement \u00e0 tout moment en consultant notre <a href=\"https:\/\/www.ledauphine.com\/protection-des-donnees\" target=\"_blank\" title=\"Consulter notre politique de protection des donn\u00e9es\" rel=\"nofollow noopener\">politique de protection des donn\u00e9es<\/a>. <br \/>&#13;<br \/>\n            <a href=\"https:\/\/www.ledauphine.com\/faits-divers-justice\/2025\/12\/16\/javascript:Didomi.notice.show()\" class=\"consentModule_cmp\" rel=\"nofollow noopener\" target=\"_blank\">G\u00e9rer mes choix<\/a>&#13;\n        <\/p>\n<p>&#13;<br \/>\n                        J&rsquo;accepte&#13;<br \/>\n            J&rsquo;accepte tous les cookies&#13;\n        <\/p>\n<p>  Trois hommes tu\u00e9s par balles et deux autres gri\u00e8vement bless\u00e9s en un mois dans l&rsquo;agglom\u00e9ration de Grenoble<\/p>\n<p>Dans la nuit du 15 au 16 novembre, un mineur isol\u00e9 de 13 ans interpell\u00e9 quelque temps plus t\u00f4t sur le point de deal de Saint-Bruno avait \u00e9t\u00e9 <a href=\"https:\/\/www.ledauphine.com\/faits-divers-justice\/2025\/11\/16\/blesse-par-trois-balles-l-enfant-de-12-ans-aurait-parle-de-son-agresseur-avant-de-sombrer-dans-le-coma\" target=\"_blank\" rel=\"nofollow noopener\">tr\u00e8s gri\u00e8vement bless\u00e9 par balles<\/a> dans un quartier voisin. Depuis plusieurs mois, les services de police ont intensifi\u00e9 leur action \u00e0 Saint-Bruno \u00e0 la suite d\u2019une s\u00e9rie de r\u00e8glements de comptes et d\u2019actes d\u2019intimidation \u00e0 l\u2019arme de guerre. Un commissariat mobile avait \u00e9t\u00e9 mis en place et de nombreux contr\u00f4les inopin\u00e9s avaient \u00e9t\u00e9 entrepris, qui n\u2019\u00e9taient pas parvenus \u00e0 mettre fin au trafic de stup\u00e9fiants et de cigarettes, mais \u00e9taient parvenus \u00e0 faire cesser totalement les actes de violence arm\u00e9e.<\/p>\n<p>En un mois, trois hommes ont \u00e9t\u00e9 tu\u00e9s par balles et deux autres ont \u00e9t\u00e9 tr\u00e8s gravement bless\u00e9s dans l\u2019agglom\u00e9ration grenobloise.<\/p>\n","protected":false},"excerpt":{"rendered":"Un jeune homme de 24 ans a \u00e9t\u00e9 transport\u00e9 en urgence absolue au CHU Grenoble Alpes dans la&hellip;\n","protected":false},"author":2,"featured_media":602885,"comment_status":"","ping_status":"","sticky":false,"template":"","format":"standard","meta":{"footnotes":""},"categories":[9566],"tags":[1111,11,2430,271,272,112,1777,674,274,107,1011,27,2731,108,12,25],"class_list":{"0":"post-602884","1":"post","2":"type-post","3":"status-publish","4":"format-standard","5":"has-post-thumbnail","7":"category-grenoble","8":"tag-actu","9":"tag-actualites","10":"tag-auvergne-rhone-alpes","11":"tag-crime","12":"tag-delit-et-contravention","13":"tag-edition-grenoble-agglomeration","14":"tag-eu","15":"tag-europe","16":"tag-faits-divers-justice","17":"tag-fil-info","18":"tag-fr","19":"tag-france","20":"tag-grenoble","21":"tag-isere","22":"tag-news","23":"tag-republique-francaise"},"share_on_mastodon":{"url":"https:\/\/pubeurope.com\/@fr\/115729056771913286","error":""},"_links":{"self":[{"href":"https:\/\/www.europesays.com\/fr\/wp-json\/wp\/v2\/posts\/602884","targetHints":{"allow":["GET"]}}],"collection":[{"href":"https:\/\/www.europesays.com\/fr\/wp-json\/wp\/v2\/posts"}],"about":[{"href":"https:\/\/www.europesays.com\/fr\/wp-json\/wp\/v2\/types\/post"}],"author":[{"embeddable":true,"href":"https:\/\/www.europesays.com\/fr\/wp-json\/wp\/v2\/users\/2"}],"replies":[{"embeddable":true,"href":"https:\/\/www.europesays.com\/fr\/wp-json\/wp\/v2\/comments?post=602884"}],"version-history":[{"count":0,"href":"https:\/\/www.europesays.com\/fr\/wp-json\/wp\/v2\/posts\/602884\/revisions"}],"wp:featuredmedia":[{"embeddable":true,"href":"https:\/\/www.europesays.com\/fr\/wp-json\/wp\/v2\/media\/602885"}],"wp:attachment":[{"href":"https:\/\/www.europesays.com\/fr\/wp-json\/wp\/v2\/media?parent=602884"}],"wp:term":[{"taxonomy":"category","embeddable":true,"href":"https:\/\/www.europesays.com\/fr\/wp-json\/wp\/v2\/categories?post=602884"},{"taxonomy":"post_tag","embeddable":true,"href":"https:\/\/www.europesays.com\/fr\/wp-json\/wp\/v2\/tags?post=602884"}],"curies":[{"name":"wp","href":"https:\/\/api.w.org\/{rel}","templated":true}]}}