{"id":602886,"date":"2025-12-16T11:40:19","date_gmt":"2025-12-16T11:40:19","guid":{"rendered":"https:\/\/www.europesays.com\/fr\/602886\/"},"modified":"2025-12-16T11:40:19","modified_gmt":"2025-12-16T11:40:19","slug":"un-italien-de-24-ans-gravement-blesse-par-un-balle-pres-dun-point-de-deal","status":"publish","type":"post","link":"https:\/\/www.europesays.com\/fr\/602886\/","title":{"rendered":"Un italien de 24 ans gravement bless\u00e9 par un balle pr\u00e8s d\u2019un point de deal"},"content":{"rendered":"<p>Un nouvel acte de violence d\u00fb au narcotrafic \u00e0 <a href=\"https:\/\/www.20minutes.fr\/grenoble\/\" class=\"c-link c-link--is-underlined\" target=\"_blank\" rel=\"noopener\">Grenoble<\/a>\u00a0? Lundi soir, Un homme \u00e2g\u00e9 de 24 ans de nationalit\u00e9 italienne a en effet \u00e9t\u00e9 gri\u00e8vement bless\u00e9 par balles pr\u00e8s d\u2019un <a href=\"https:\/\/www.20minutes.fr\/dossier\/trafic_de_drogue\" class=\"c-link c-link--is-underlined\" target=\"_blank\" rel=\"noopener\">point connu de revente de drogue<\/a>, a-t-on appris mardi de source polici\u00e8re. Atteint de <a href=\"https:\/\/www.20minutes.fr\/faits_divers\/\" class=\"c-link c-link--is-underlined\" target=\"_blank\" rel=\"noopener\">plusieurs balles<\/a> et souffrant de plaies \u00e0 la t\u00eate, \u00e0 une main, au cou et au bassin, il a \u00e9t\u00e9 hospitalis\u00e9 avec un pronostic vital engag\u00e9, selon cette source.<\/p>\n<\/p>\n<p>Les faits se sont produits peu apr\u00e8s 22h30 alors qu\u2019il se trouvait sur la place Saint Bruno, o\u00f9 est situ\u00e9 l\u2019un des plus importants points de deal de drogue de la ville. Juste apr\u00e8s les tirs, une personne a \u00e9t\u00e9 vue par un t\u00e9moin en train de prendre la fuite sur une trottinette, a-t-on ajout\u00e9.<\/p>\n<p>C\u2019est loin d\u2019\u00eatre une premi\u00e8re dans certaines des banlieues de la ville qui sont r\u00e9guli\u00e8rement marqu\u00e9es par des \u00e9pisodes de violence par arme \u00e0 feu li\u00e9s au trafic de drogue. Pour rappel, en\u00a02024 d\u00e9j\u00e0, la place Saint Bruno, au c\u0153ur du quartier de Chorier-Berriat, avait \u00e9t\u00e9 le th\u00e9\u00e2tre de plusieurs fusillades, les autorit\u00e9s \u00e9voquant alors une \u00ab\u00a0guerre des gangs\u00a0\u00bb. D\u00e9but d\u00e9cembre \u00e9galement, <a href=\"https:\/\/www.20minutes.fr\/dossier\/narcotrafiquants\" class=\"c-link c-link--is-underlined\" target=\"_blank\" rel=\"noopener\">deux hommes de 18 et 22 ans<\/a> ont \u00e9t\u00e9 tu\u00e9s par balle respectivement \u00e0 Grenoble et dans la ville attenante d\u2019Echirolles, et mi-novembre c\u2019est un adolescent de 14 ans qui a \u00e9t\u00e9 gri\u00e8vement bless\u00e9 de trois balles, pr\u00e8s d\u2019un point de deal.<\/p>\n","protected":false},"excerpt":{"rendered":"Un nouvel acte de violence d\u00fb au narcotrafic \u00e0 Grenoble\u00a0? Lundi soir, Un homme \u00e2g\u00e9 de 24 ans&hellip;\n","protected":false},"author":2,"featured_media":602887,"comment_status":"","ping_status":"","sticky":false,"template":"","format":"standard","meta":{"footnotes":""},"categories":[9566],"tags":[1111,47,11,6376,2430,1052,9852,1777,674,118,3561,1011,27,3832,2731,108,813,12,25,2431,4377,9805,887,809],"class_list":{"0":"post-602886","1":"post","2":"type-post","3":"status-publish","4":"format-standard","5":"has-post-thumbnail","7":"category-grenoble","8":"tag-actu","9":"tag-actualite","10":"tag-actualites","11":"tag-armes","12":"tag-auvergne-rhone-alpes","13":"tag-drogue","14":"tag-echirolles","15":"tag-eu","16":"tag-europe","17":"tag-faits-divers","18":"tag-faits-divers-lyon","19":"tag-fr","20":"tag-france","21":"tag-fusillade","22":"tag-grenoble","23":"tag-isere","24":"tag-narcotrafiquants","25":"tag-news","26":"tag-republique-francaise","27":"tag-rhone-alpes","28":"tag-stupefiant","29":"tag-tir","30":"tag-trafic-de-drogue","31":"tag-violence"},"share_on_mastodon":{"url":"https:\/\/pubeurope.com\/@fr\/115729060683149727","error":""},"_links":{"self":[{"href":"https:\/\/www.europesays.com\/fr\/wp-json\/wp\/v2\/posts\/602886","targetHints":{"allow":["GET"]}}],"collection":[{"href":"https:\/\/www.europesays.com\/fr\/wp-json\/wp\/v2\/posts"}],"about":[{"href":"https:\/\/www.europesays.com\/fr\/wp-json\/wp\/v2\/types\/post"}],"author":[{"embeddable":true,"href":"https:\/\/www.europesays.com\/fr\/wp-json\/wp\/v2\/users\/2"}],"replies":[{"embeddable":true,"href":"https:\/\/www.europesays.com\/fr\/wp-json\/wp\/v2\/comments?post=602886"}],"version-history":[{"count":0,"href":"https:\/\/www.europesays.com\/fr\/wp-json\/wp\/v2\/posts\/602886\/revisions"}],"wp:featuredmedia":[{"embeddable":true,"href":"https:\/\/www.europesays.com\/fr\/wp-json\/wp\/v2\/media\/602887"}],"wp:attachment":[{"href":"https:\/\/www.europesays.com\/fr\/wp-json\/wp\/v2\/media?parent=602886"}],"wp:term":[{"taxonomy":"category","embeddable":true,"href":"https:\/\/www.europesays.com\/fr\/wp-json\/wp\/v2\/categories?post=602886"},{"taxonomy":"post_tag","embeddable":true,"href":"https:\/\/www.europesays.com\/fr\/wp-json\/wp\/v2\/tags?post=602886"}],"curies":[{"name":"wp","href":"https:\/\/api.w.org\/{rel}","templated":true}]}}