{"id":602888,"date":"2025-12-16T11:41:11","date_gmt":"2025-12-16T11:41:11","guid":{"rendered":"https:\/\/www.europesays.com\/fr\/602888\/"},"modified":"2025-12-16T11:41:11","modified_gmt":"2025-12-16T11:41:11","slug":"des-agriculteurs-dille-et-vilaine-a-bruxelles-pour-defendre-lavenir-de-lagriculture-europeenne","status":"publish","type":"post","link":"https:\/\/www.europesays.com\/fr\/602888\/","title":{"rendered":"Des agriculteurs d\u2019Ille-et-Vilaine \u00e0 Bruxelles pour d\u00e9fendre l\u2019avenir de l\u2019agriculture europ\u00e9enne"},"content":{"rendered":"<p>                    Par<br \/>\n        <strong><br \/>\n            <a href=\"https:\/\/actu.fr\/auteur\/redaction-terra\" title=\"Consulter tous les articles de R\u00e9daction Terra\" target=\"_blank\" rel=\"noopener\">R\u00e9daction Terra<\/a><br \/>\n                    <\/strong><\/p>\n<p>        Publi\u00e9 le<\/p>\n<p>            16 d\u00e9c. 2025 \u00e0 12h06        <\/p>\n<p>Le <b>18\u00a0d\u00e9cembre<\/b> prochain, les <b>agriculteurs europ\u00e9ens<\/b> se mobiliseront massivement \u00e0 <b>Bruxelles <\/b>pour faire entendre leur voix aupr\u00e8s des chefs d\u2019\u00c9tat et des institutions europ\u00e9ennes. \u00c0 cette occasion, une <b>d\u00e9l\u00e9gation de la FDSEA d\u2019Ille-et-Vilaine<\/b> fera le d\u00e9placement afin de porter les revendications des agriculteurs bretilliens et, plus largement, fran\u00e7ais et bretons.<\/p>\n<p>Accumulation de contraintes<\/p>\n<p class=\" wall-content\">Pour la <b>FDSEA 35<\/b>, l\u2019agriculture europ\u00e9enne est aujourd\u2019hui \u00e0 un point de bascule. Les exploitants subissent une <b>accumulation de contraintes<\/b>\u2009: normes toujours plus nombreuses, contr\u00f4les renforc\u00e9s, injonctions parfois contradictoires, et pressions \u00e9conomiques croissantes. Dans le m\u00eame temps, l\u2019<b>Union europ\u00e9enne<\/b> continue d\u2019importer massivement des produits agricoles venant de pays soumis \u00e0 des <b>r\u00e8gles bien moins exigeantes<\/b>, alors m\u00eame que ces importations concurrencent directement les productions locales.<\/p>\n<p class=\" wall-content\">\u00c0 Bruxelles, le message des agriculteurs sera clair\u2009: <b>respecter le travail et le r\u00f4le des agriculteurs<\/b>. \u00ab\u2009Plus d\u2019importations, c\u2019est moins d\u2019agriculture locale et une perte de contr\u00f4le sur le contenu de nos assiettes\u2009\u00bb, rappellent les responsables syndicaux. La FDSEA 35 alerte \u00e9galement sur les cons\u00e9quences d\u2019une baisse annonc\u00e9e du budget de la Politique agricole commune (PAC), qui fragiliserait encore davantage la s\u00e9curit\u00e9 alimentaire europ\u00e9enne et la viabilit\u00e9 des exploitations.<\/p>\n<p>Tuer la comp\u00e9titivit\u00e9<\/p>\n<p class=\" wall-content\">Autre sujet de pr\u00e9occupation majeur\u2009: le <b>m\u00e9canisme d\u2019ajustement carbone aux fronti\u00e8res (MACF)<\/b>, et notamment son application aux engrais. Pour les agriculteurs, une taxation suppl\u00e9mentaire sur ces intrants essentiels reviendrait \u00e0 \u00ab\u2009tuer la comp\u00e9titivit\u00e9\u2009\u00bb d\u2019exploitations d\u00e9j\u00e0 mises \u00e0 rude \u00e9preuve par la hausse des charges et la baisse des marges.<\/p>\n<p class=\" wall-content\">La mobilisation du 18\u00a0d\u00e9cembre sera aussi l\u2019occasion de dire <b>NON \u00e0 l\u2019accord Mercosur<\/b>, dont le volet agricole est jug\u00e9 incompatible avec les exigences impos\u00e9es aux producteurs europ\u00e9ens. Pour la FDSEA, l\u2019agriculture ne doit plus \u00eatre une variable d\u2019ajustement des accords commerciaux internationaux.<\/p>\n<p class=\" wall-content\">Enfin, les agriculteurs rappellent que la politique agricole est l\u2019un des piliers historiques de l\u2019Union europ\u00e9enne. \u00ab\u2009Il ne peut y avoir de s\u00e9curit\u00e9 en Europe sans s\u00e9curit\u00e9 alimentaire\u2009\u00bb, soulignent-ils. R\u00e9duire les \u00e9missions de carbone, oui, mais pas au prix d\u2019une baisse de la production agricole europ\u00e9enne.<\/p>\n<p>Votre r\u00e9gion, votre actu !<\/p>\n<p>Recevez chaque jour les infos qui comptent pour vous.<\/p>\n<p>\t<a href=\"https:\/\/actu.fr\/newsletter\" class=\"ac-btn ac-btn--corner ac-btn--medium ac-btn--blue800\" target=\"_blank\" rel=\"noopener\">S&rsquo;incrire<\/a><\/p>\n<p class=\" wall-content\">Par leur pr\u00e9sence \u00e0 Bruxelles, les agriculteurs bretilliens entendent obtenir des r\u00e9ponses imm\u00e9diates et concr\u00e8tes pour garantir l\u2019avenir de leur m\u00e9tier et la souverainet\u00e9 alimentaire de l\u2019Europe.<\/p>\n<p class=\" wall-content\">Personnalisez votre actualit\u00e9 en ajoutant vos villes et m\u00e9dias en favori avec <a href=\"https:\/\/moncompte.actu.fr\" title=\"D\u00e9couvez Mon Actu\" rel=\"nofollow noopener\" data-trk=\"{&quot;cta&quot;:{&quot;action&quot;:&quot;https:\\\/\\\/moncompte.actu.fr&quot;,&quot;category&quot;:&quot;mon compte&quot;,&quot;from&quot;:&quot;article footer&quot;,&quot;name&quot;:&quot;Mon actu&quot;,&quot;type&quot;:&quot;cta&quot;}}\" target=\"_blank\">Mon Actu<\/a>.<\/p>\n","protected":false},"excerpt":{"rendered":"Par R\u00e9daction Terra Publi\u00e9 le 16 d\u00e9c. 2025 \u00e0 12h06 Le 18\u00a0d\u00e9cembre prochain, les agriculteurs europ\u00e9ens se mobiliseront&hellip;\n","protected":false},"author":2,"featured_media":602889,"comment_status":"","ping_status":"","sticky":false,"template":"","format":"standard","meta":{"footnotes":""},"categories":[2821],"tags":[1111,11,327,829,1777,674,1011,27,1272,12,584,25,104,364],"class_list":{"0":"post-602888","1":"post","2":"type-post","3":"status-publish","4":"format-standard","5":"has-post-thumbnail","7":"category-rennes","8":"tag-actu","9":"tag-actualites","10":"tag-agriculture","11":"tag-bretagne","12":"tag-eu","13":"tag-europe","14":"tag-fr","15":"tag-france","16":"tag-manifestations","17":"tag-news","18":"tag-rennes","19":"tag-republique-francaise","20":"tag-societe","21":"tag-union-europeenne"},"share_on_mastodon":{"url":"https:\/\/pubeurope.com\/@fr\/115729064655316372","error":""},"_links":{"self":[{"href":"https:\/\/www.europesays.com\/fr\/wp-json\/wp\/v2\/posts\/602888","targetHints":{"allow":["GET"]}}],"collection":[{"href":"https:\/\/www.europesays.com\/fr\/wp-json\/wp\/v2\/posts"}],"about":[{"href":"https:\/\/www.europesays.com\/fr\/wp-json\/wp\/v2\/types\/post"}],"author":[{"embeddable":true,"href":"https:\/\/www.europesays.com\/fr\/wp-json\/wp\/v2\/users\/2"}],"replies":[{"embeddable":true,"href":"https:\/\/www.europesays.com\/fr\/wp-json\/wp\/v2\/comments?post=602888"}],"version-history":[{"count":0,"href":"https:\/\/www.europesays.com\/fr\/wp-json\/wp\/v2\/posts\/602888\/revisions"}],"wp:featuredmedia":[{"embeddable":true,"href":"https:\/\/www.europesays.com\/fr\/wp-json\/wp\/v2\/media\/602889"}],"wp:attachment":[{"href":"https:\/\/www.europesays.com\/fr\/wp-json\/wp\/v2\/media?parent=602888"}],"wp:term":[{"taxonomy":"category","embeddable":true,"href":"https:\/\/www.europesays.com\/fr\/wp-json\/wp\/v2\/categories?post=602888"},{"taxonomy":"post_tag","embeddable":true,"href":"https:\/\/www.europesays.com\/fr\/wp-json\/wp\/v2\/tags?post=602888"}],"curies":[{"name":"wp","href":"https:\/\/api.w.org\/{rel}","templated":true}]}}