{"id":602890,"date":"2025-12-16T11:42:12","date_gmt":"2025-12-16T11:42:12","guid":{"rendered":"https:\/\/www.europesays.com\/fr\/602890\/"},"modified":"2025-12-16T11:42:12","modified_gmt":"2025-12-16T11:42:12","slug":"pres-de-rennes-cailabs-lance-la-construction-dune-usine-pour-ses-stations-terrestres-de-communications-optiques","status":"publish","type":"post","link":"https:\/\/www.europesays.com\/fr\/602890\/","title":{"rendered":"pr\u00e8s de Rennes, Cailabs lance la construction d\u2019une usine pour ses stations terrestres de communications optiques"},"content":{"rendered":"<p>L\u2019entreprise Cailabs qui fabrique des stations sp\u00e9cialis\u00e9es dans la communication spatiale se dote d\u2019un nouveau site industriel \u00e0 Rennes (Bretagne) pour r\u00e9pondre \u00e0 la demande.<\/p>\n<p class=\"c-paragraph\">Passage au stade industriel imminent pour Cailabs. Apr\u00e8s une lev\u00e9e de fonds de 57 millions d\u2019euros mi-septembre, l\u2019entreprise bretonne franchit une nouvelle \u00e9tape importante dans son d\u00e9veloppement : la construction d\u2019un site industriel pr\u00e8s de Rennes (Ille-et-Vilaine) o\u00f9 se trouve d\u00e9j\u00e0 son si\u00e8ge. <\/p>\n<p class=\"c-paragraph\">Fond\u00e9e en 2013, elle est sp\u00e9cialis\u00e9e dans les solutions photoniques pour les secteurs spatial, industriel, des t\u00e9l\u00e9communications et de la d\u00e9fense. Sa technologie permet notamment de connecter une station terrestre \u00e0 un satellite avec des liaisons optiques tr\u00e8s haut d\u00e9bit (jusqu\u2019\u00e0 100 Gbps) plut\u00f4t que par des liaisons radio moins rapides. <\/p>\n<p>Une centaine d\u2019emplois \u00e0 la cl\u00e9<\/p>\n<p class=\"c-paragraph\"><a href=\"https:\/\/www.usinenouvelle.com\/editorial\/innovation-le-rennais-cailabs-veut-securiser-les-communications-spatiales.N2240277\" target=\"_self\" rel=\"noopener\" title=\"https:\/\/www.usinenouvelle.com\/editorial\/innovation-le-rennais-cailabs-veut-securiser-les-communications-spatiales.N2240277\">Sur ce nouveau site de pr\u00e8s de 10000 m\u00b2<\/a>, Cailabs ambitionne de produire cinquante stations sol optiques par an \u00e0 l\u2019horizon 2028, avec une centaine d\u2019emplois \u00e0 la cl\u00e9. Le projet est port\u00e9 par le groupe IDEC, op\u00e9rateur immobilier, avec le soutien de Rennes M\u00e9tropole. <\/p>\n<p class=\"c-paragraph\">Montant de l\u2019investissement : 20 millions d\u2019euros. Cailabs, qui emploie 170 salari\u00e9s, sera locataire des lieux. \u00abEn ancrant cette usine \u00e0 Rennes, nous renfor\u00e7ons \u00e0 la fois notre souverainet\u00e9 technologique et l\u2019emploi local\u00bb, explique Jean-Fran\u00e7ois Morizur, le cofondateur et PDG de l\u2019entreprise. Le site situ\u00e9 sur une ancienne friche industrielle sera livr\u00e9 en 2027.<\/p>\n<p class=\"c-paragraph\">Avec 26 familles de brevets d\u00e9pos\u00e9es, Cailabs a d\u00e9j\u00e0 plus d\u2019une dizaine de stations de communication \u00e0 lasers optiques en commande. \u00abOn a une tr\u00e8s forte acc\u00e9l\u00e9ration sur l\u2019ann\u00e9e 2025. A d\u00e9but septembre, nous avons d\u00e9j\u00e0 doubl\u00e9 le niveau de commandes par rapport \u00e0 l\u2019ann\u00e9e pr\u00e9c\u00e9dente\u00bb, expliquait Jean-Fran\u00e7ois Morizur \u00e0 la fin de l\u2019\u00e9t\u00e9. De quoi assurer la p\u00e9rennit\u00e9 du site. <\/p>\n","protected":false},"excerpt":{"rendered":"L\u2019entreprise Cailabs qui fabrique des stations sp\u00e9cialis\u00e9es dans la communication spatiale se dote d\u2019un nouveau site industriel \u00e0&hellip;\n","protected":false},"author":2,"featured_media":602891,"comment_status":"","ping_status":"","sticky":false,"template":"","format":"standard","meta":{"footnotes":""},"categories":[2821],"tags":[1111,11,670,829,1777,674,1011,27,848,14883,12,18854,584,25],"class_list":{"0":"post-602890","1":"post","2":"type-post","3":"status-publish","4":"format-standard","5":"has-post-thumbnail","7":"category-rennes","8":"tag-actu","9":"tag-actualites","10":"tag-aero-spatial","11":"tag-bretagne","12":"tag-eu","13":"tag-europe","14":"tag-fr","15":"tag-france","16":"tag-ille-et-vilaine","17":"tag-made-in-france","18":"tag-news","19":"tag-quotidien-des-usines","20":"tag-rennes","21":"tag-republique-francaise"},"share_on_mastodon":{"url":"https:\/\/pubeurope.com\/@fr\/115729068646835651","error":""},"_links":{"self":[{"href":"https:\/\/www.europesays.com\/fr\/wp-json\/wp\/v2\/posts\/602890","targetHints":{"allow":["GET"]}}],"collection":[{"href":"https:\/\/www.europesays.com\/fr\/wp-json\/wp\/v2\/posts"}],"about":[{"href":"https:\/\/www.europesays.com\/fr\/wp-json\/wp\/v2\/types\/post"}],"author":[{"embeddable":true,"href":"https:\/\/www.europesays.com\/fr\/wp-json\/wp\/v2\/users\/2"}],"replies":[{"embeddable":true,"href":"https:\/\/www.europesays.com\/fr\/wp-json\/wp\/v2\/comments?post=602890"}],"version-history":[{"count":0,"href":"https:\/\/www.europesays.com\/fr\/wp-json\/wp\/v2\/posts\/602890\/revisions"}],"wp:featuredmedia":[{"embeddable":true,"href":"https:\/\/www.europesays.com\/fr\/wp-json\/wp\/v2\/media\/602891"}],"wp:attachment":[{"href":"https:\/\/www.europesays.com\/fr\/wp-json\/wp\/v2\/media?parent=602890"}],"wp:term":[{"taxonomy":"category","embeddable":true,"href":"https:\/\/www.europesays.com\/fr\/wp-json\/wp\/v2\/categories?post=602890"},{"taxonomy":"post_tag","embeddable":true,"href":"https:\/\/www.europesays.com\/fr\/wp-json\/wp\/v2\/tags?post=602890"}],"curies":[{"name":"wp","href":"https:\/\/api.w.org\/{rel}","templated":true}]}}