{"id":602892,"date":"2025-12-16T11:43:13","date_gmt":"2025-12-16T11:43:13","guid":{"rendered":"https:\/\/www.europesays.com\/fr\/602892\/"},"modified":"2025-12-16T11:43:13","modified_gmt":"2025-12-16T11:43:13","slug":"hoenheim-a-lecole-boucheseche-une-salle-innovante-pour-eveiller-les-sens-et-retrouver-son-calme","status":"publish","type":"post","link":"https:\/\/www.europesays.com\/fr\/602892\/","title":{"rendered":"Hoenheim. \u00c0 l\u2019\u00e9cole Bouches\u00e8che, une salle innovante pour \u00e9veiller les sens et retrouver son calme"},"content":{"rendered":"<p>Un cocon sensoriel pour stimuler tous les sens, un environnement calme, doux et s\u00e9curis\u00e9 pour r\u00e9duire le stress ou l\u2019agitation, c\u2019est le principe de la salle \u201cSnoezelen\u201d, une pratique, d\u00e9j\u00e0 pr\u00e9sente dans divers milieux (m\u00e9dical, personnes \u00e2g\u00e9es) qui fait son entr\u00e9e dans les \u00e9coles. \u00c0 Hoenheim, Yannick Locatelli, enseignant sp\u00e9cialis\u00e9 en ULIS (*) (unit\u00e9s localis\u00e9es pour l\u2019inclusion scolaire) \u00e0 l\u2019<a href=\"https:\/\/www.dna.fr\/education\/2023\/09\/08\/un-cla-pour-les-ecoles-boucheseche-et-du-ried\" target=\"_blank\" rel=\"noopener\">\u00e9cole Bouches\u00e8che<\/a>, a eu envie d\u2019innover, \u00e0 l\u2019issue d\u2019un programme Erasmus en Lettonie.<\/p>\n<p>En 2023, il a&#8230;<\/p>\n","protected":false},"excerpt":{"rendered":"Un cocon sensoriel pour stimuler tous les sens, un environnement calme, doux et s\u00e9curis\u00e9 pour r\u00e9duire le stress&hellip;\n","protected":false},"author":2,"featured_media":602893,"comment_status":"","ping_status":"","sticky":false,"template":"","format":"standard","meta":{"footnotes":""},"categories":[2820],"tags":[1111,11,2880,1057,1777,674,107,1011,27,775,1943,15899,10425,12,25,71,104,640,3265],"class_list":{"0":"post-602892","1":"post","2":"type-post","3":"status-publish","4":"format-standard","5":"has-post-thumbnail","7":"category-strasbourg","8":"tag-actu","9":"tag-actualites","10":"tag-edition-strasbourg","11":"tag-education","12":"tag-eu","13":"tag-europe","14":"tag-fil-info","15":"tag-fr","16":"tag-france","17":"tag-grand-est","18":"tag-handicap","19":"tag-hoenheim","20":"tag-maternelle-elementaire","21":"tag-news","22":"tag-republique-francaise","23":"tag-sante","24":"tag-societe","25":"tag-strasbourg","26":"tag-strasbourg-nord"},"share_on_mastodon":{"url":"https:\/\/pubeurope.com\/@fr\/115729072477821582","error":""},"_links":{"self":[{"href":"https:\/\/www.europesays.com\/fr\/wp-json\/wp\/v2\/posts\/602892","targetHints":{"allow":["GET"]}}],"collection":[{"href":"https:\/\/www.europesays.com\/fr\/wp-json\/wp\/v2\/posts"}],"about":[{"href":"https:\/\/www.europesays.com\/fr\/wp-json\/wp\/v2\/types\/post"}],"author":[{"embeddable":true,"href":"https:\/\/www.europesays.com\/fr\/wp-json\/wp\/v2\/users\/2"}],"replies":[{"embeddable":true,"href":"https:\/\/www.europesays.com\/fr\/wp-json\/wp\/v2\/comments?post=602892"}],"version-history":[{"count":0,"href":"https:\/\/www.europesays.com\/fr\/wp-json\/wp\/v2\/posts\/602892\/revisions"}],"wp:featuredmedia":[{"embeddable":true,"href":"https:\/\/www.europesays.com\/fr\/wp-json\/wp\/v2\/media\/602893"}],"wp:attachment":[{"href":"https:\/\/www.europesays.com\/fr\/wp-json\/wp\/v2\/media?parent=602892"}],"wp:term":[{"taxonomy":"category","embeddable":true,"href":"https:\/\/www.europesays.com\/fr\/wp-json\/wp\/v2\/categories?post=602892"},{"taxonomy":"post_tag","embeddable":true,"href":"https:\/\/www.europesays.com\/fr\/wp-json\/wp\/v2\/tags?post=602892"}],"curies":[{"name":"wp","href":"https:\/\/api.w.org\/{rel}","templated":true}]}}