{"id":602895,"date":"2025-12-16T11:45:13","date_gmt":"2025-12-16T11:45:13","guid":{"rendered":"https:\/\/www.europesays.com\/fr\/602895\/"},"modified":"2025-12-16T11:45:13","modified_gmt":"2025-12-16T11:45:13","slug":"voici-les-dates-a-nice-et-dans-les-alpes-maritimes-2","status":"publish","type":"post","link":"https:\/\/www.europesays.com\/fr\/602895\/","title":{"rendered":"voici les dates \u00e0 Nice et dans les Alpes-Maritimes"},"content":{"rendered":"<p>                    Par<br \/>\n        <strong><br \/>\n            <a href=\"https:\/\/actu.fr\/auteur\/arthur-frand\" title=\"Consulter tous les articles de Arthur Frand\" target=\"_blank\" rel=\"noopener\">Arthur Frand<\/a><br \/>\n                    <\/strong><\/p>\n<p>        Publi\u00e9 le<\/p>\n<p>            16 d\u00e9c. 2025 \u00e0 12h26<br \/>\n        ; mis \u00e0 jour le 16 d\u00e9c. 2025 \u00e0 12h27    <\/p>\n<p>C\u2019est un temps fort du d\u00e9but d\u2019ann\u00e9e. L\u2019occasion de faire des bonnes affaires \u00e0 petits prix. Les soldes d\u2019hiver 2026 arrivent vite apr\u00e8s les f\u00eates de fin d\u2019ann\u00e9e. Dans la grande majorit\u00e9 des d\u00e9partements m\u00e9tropolitains, y compris \u00e0 <a href=\"https:\/\/actu.fr\/nice\/\" target=\"_blank\" rel=\"noopener\">Nice<\/a> et dans les <a href=\"https:\/\/actu.fr\/provence-alpes-cote-d-azur\/alpes-maritimes_06\" target=\"_blank\" rel=\"noopener\">Alpes-Maritimes<\/a>, la saison des <strong>grandes promotions hivernales<\/strong> se tiendra du mercredi 7\u00a0janvier 2026, d\u00e8s 8\u2009h du matin, au mardi 3\u00a0f\u00e9vrier 2026 inclus.<\/p>\n<p class=\" wall-content\">Cette p\u00e9riode de ristournes est l\u2019occasion de d\u00e9nicher quelques bonnes affaires avec malice. Voici ce qu\u2019il faut savoir.<\/p>\n<p>Quatre d\u00e9marques pr\u00e9vues<\/p>\n<p class=\" wall-content\">La dur\u00e9e de chaque saison de soldes est fix\u00e9e \u00e0 <strong>quatre semaines<\/strong>. En 2026, les promotions hivernales auront lieu du mercredi 7\u00a0janvier 2026 au mardi 3\u00a0f\u00e9vrier 2026. Les dates des soldes sont d\u00e9termin\u00e9es conform\u00e9ment \u00e0 l\u2019article L. 310-3 du Code de commerce et \u00e0 l\u2019arr\u00eat\u00e9 du 27\u00a0mai 2019.<\/p>\n<p class=\" wall-content\">\n<p class=\" wall-content\">Dans le d\u00e9partement, cette p\u00e9riode s\u2019av\u00e8re <strong>charni\u00e8re<\/strong> pour les petits commer\u00e7ants et les centres commerciaux du territoire (Nic\u00e9toile, Lingosti\u00e8re, Cap 3000, Shopping Promenade Riviera\u00a0etc.) qui proposent des <strong>prix cass\u00e9s<\/strong> jusqu\u2019\u00e0 -50\u2009%.<\/p>\n<p class=\" wall-content\">Quatre d\u00e9marques sont pr\u00e9vues\u2009encore cette ann\u00e9e\u2009:<\/p>\n<ul class=\" wall-content\">\n<li>premi\u00e8re d\u00e9marque\u2009: \u00e0 partir du mercredi 7\u00a0janvier 2026<\/li>\n<li>deuxi\u00e8me d\u00e9marque\u2009: \u00e0 partir du mardi 13\u00a0janvier ou du mercredi 21\u00a0janvier 2026<\/li>\n<li>troisi\u00e8me d\u00e9marque\u2009: \u00e0 partir du mardi 20 janvier ou du mercredi 21 janvier 2026<\/li>\n<li>quatri\u00e8me d\u00e9marque\u2009: \u00e0 partir du mardi 27\u00a0janvier ou du mercredi 28\u00a0janvier 2026<\/li>\n<\/ul>\n<p>Des premi\u00e8res tendances<\/p>\n<p class=\" wall-content\">Mais apr\u00e8s No\u00ebl et le Nouvel an, les Ni\u00e7ois et Maralpins n\u2019ont pas toujours de quoi d\u00e9penser. Il est souvent plus <strong>compliqu\u00e9 d\u2019attirer des clients<\/strong> en janvier qu\u2019en juillet. En 2025, le d\u00e9but des soldes d\u2019hiver n\u2019avait attir\u00e9 que tr\u00e8s peu de monde \u00e0 Nice. Sur l\u2019avenue Jean-M\u00e9decin, certains commer\u00e7ants d\u00e9crivaient des journ\u00e9es \u00ab\u2009classiques\u2009\u00bb, <a href=\"https:\/\/actu.fr\/provence-alpes-cote-d-azur\/nice_06088\/nice-un-debut-des-soldes-catastrophique-ces-commercants-sont-inquiets_62094095.html\" target=\"_blank\" rel=\"noopener\">d\u2019autres \u00ab\u2009catastrophiques\u2009\u00bb<\/a> \u00e0 actu Nice.<\/p>\n<p>Votre r\u00e9gion, votre actu !<\/p>\n<p>Recevez chaque jour les infos qui comptent pour vous.<\/p>\n<p>\t<a href=\"https:\/\/actu.fr\/newsletter\" class=\"ac-btn ac-btn--corner ac-btn--medium ac-btn--blue800\" target=\"_blank\" rel=\"noopener\">S&rsquo;incrire<\/a><\/p>\n<p class=\" wall-content\">Ces soldes d\u2019hiver 2026 permettront tout de m\u00eame de d\u00e9celer des tendances pour les commerces ni\u00e7ois. Juste avant les \u00e9lections municipales, o\u00f9 le sujet du pouvoir d\u2019achat sera au c\u0153ur des d\u00e9bats entre les candidats qui briguent la mairie.<\/p>\n<p class=\" wall-content\">Personnalisez votre actualit\u00e9 en ajoutant vos villes et m\u00e9dias en favori avec <a href=\"https:\/\/moncompte.actu.fr\" title=\"D\u00e9couvez Mon Actu\" rel=\"nofollow noopener\" data-trk=\"{&quot;cta&quot;:{&quot;action&quot;:&quot;https:\\\/\\\/moncompte.actu.fr&quot;,&quot;category&quot;:&quot;mon compte&quot;,&quot;from&quot;:&quot;article footer&quot;,&quot;name&quot;:&quot;Mon actu&quot;,&quot;type&quot;:&quot;cta&quot;}}\" target=\"_blank\">Mon Actu<\/a>.<\/p>\n","protected":false},"excerpt":{"rendered":"Par Arthur Frand Publi\u00e9 le 16 d\u00e9c. 2025 \u00e0 12h26 ; mis \u00e0 jour le 16 d\u00e9c. 2025&hellip;\n","protected":false},"author":2,"featured_media":602896,"comment_status":"","ping_status":"","sticky":false,"template":"","format":"standard","meta":{"footnotes":""},"categories":[2819],"tags":[1111,11,215,1777,674,1011,27,12,2401,882,25,104,11772],"class_list":{"0":"post-602895","1":"post","2":"type-post","3":"status-publish","4":"format-standard","5":"has-post-thumbnail","7":"category-nice","8":"tag-actu","9":"tag-actualites","10":"tag-commerce","11":"tag-eu","12":"tag-europe","13":"tag-fr","14":"tag-france","15":"tag-news","16":"tag-nice","17":"tag-provence-alpes-cote-dazur","18":"tag-republique-francaise","19":"tag-societe","20":"tag-soldes"},"share_on_mastodon":{"url":"https:\/\/pubeurope.com\/@fr\/115729080380557978","error":""},"_links":{"self":[{"href":"https:\/\/www.europesays.com\/fr\/wp-json\/wp\/v2\/posts\/602895","targetHints":{"allow":["GET"]}}],"collection":[{"href":"https:\/\/www.europesays.com\/fr\/wp-json\/wp\/v2\/posts"}],"about":[{"href":"https:\/\/www.europesays.com\/fr\/wp-json\/wp\/v2\/types\/post"}],"author":[{"embeddable":true,"href":"https:\/\/www.europesays.com\/fr\/wp-json\/wp\/v2\/users\/2"}],"replies":[{"embeddable":true,"href":"https:\/\/www.europesays.com\/fr\/wp-json\/wp\/v2\/comments?post=602895"}],"version-history":[{"count":0,"href":"https:\/\/www.europesays.com\/fr\/wp-json\/wp\/v2\/posts\/602895\/revisions"}],"wp:featuredmedia":[{"embeddable":true,"href":"https:\/\/www.europesays.com\/fr\/wp-json\/wp\/v2\/media\/602896"}],"wp:attachment":[{"href":"https:\/\/www.europesays.com\/fr\/wp-json\/wp\/v2\/media?parent=602895"}],"wp:term":[{"taxonomy":"category","embeddable":true,"href":"https:\/\/www.europesays.com\/fr\/wp-json\/wp\/v2\/categories?post=602895"},{"taxonomy":"post_tag","embeddable":true,"href":"https:\/\/www.europesays.com\/fr\/wp-json\/wp\/v2\/tags?post=602895"}],"curies":[{"name":"wp","href":"https:\/\/api.w.org\/{rel}","templated":true}]}}