{"id":602899,"date":"2025-12-16T11:47:17","date_gmt":"2025-12-16T11:47:17","guid":{"rendered":"https:\/\/www.europesays.com\/fr\/602899\/"},"modified":"2025-12-16T11:47:17","modified_gmt":"2025-12-16T11:47:17","slug":"ancien-animateur-juge-pour-agressions-sexuelles-les-parents-attendus-a-la-barre","status":"publish","type":"post","link":"https:\/\/www.europesays.com\/fr\/602899\/","title":{"rendered":"Ancien animateur jug\u00e9 pour agressions sexuelles\u00a0: les parents attendus \u00e0 la barre"},"content":{"rendered":"<p><a href=\"https:\/\/nantes.maville.com\/actu\/actudet_-a-l-audience-de-l-animateur-juge-pour-agression-sexuelle-la-parole-des-enfants-au-coeur-du-debat-_8-7110049_actu.Htm\" target=\"_self\" rel=\"noopener\">L\u2019audience de jugement d\u2019un ancien animateur de p\u00e9riscolaire,<\/a> <a href=\"https:\/\/nantes.maville.com\/pays-de-la-loire\/loire-atlantique\/reze\/reze-suspicions-dattouchements-sur-des-enfants-un-animateur-suspendu-5f9969db-5389-3d2c-b2d1-5bd0b1a9323b\" target=\"_self\" rel=\"noopener\">soup\u00e7onn\u00e9 d\u2019agressions sexuelles sur 13\u00a0enfants entre 2017 et 2019 \u00e0 Rez\u00e9<\/a>, a repris ce mardi 16\u00a0d\u00e9cembre 2025. La veille, cet homme de 61\u00a0ans a contest\u00e9 un \u00e0 un les faits qui lui sont reproch\u00e9s, remettant en cause les propos de chaque enfant, \u00a0les monstruosit\u00e9s qu\u2019ils ont dit \u00e0 mon encontre\u00a0 a-t-il l\u00e2ch\u00e9,<a href=\"https:\/\/nantes.maville.com\/actu\/actudet_-animateur-periscolaire-juge-pour-agressions-sexuelles-je-n-ai-pas-de-doute-sur-ce-que-m-a-dit-ma-fille-_8-7110739_actu.Htm\" target=\"_self\" rel=\"noopener\"> insistant sur sa souffrance depuis sa mise en examen en mars\u00a02018, s\u2019aga\u00e7ant souvent des questions pos\u00e9es par les avocats<\/a>.<\/p>\n<p>L\u2019homme conteste \u00ab\u00a0les monstruosit\u00e9s qu\u2019ils ont dites \u00e0 mon encontre\u00a0\u00bb<\/p>\n<p>Ce mardi, la pr\u00e9sidente lit les comptes rendus des t\u00e9moignages des coll\u00e8gues et des responsables de cet homme en reconversion professionnelle, titulaire du Brevet d\u2019aptitude aux fonctions d\u2019animateur (Bafa) depuis 2016. Des propos vari\u00e9s, certains coll\u00e8gues n\u2019ayant rien remarqu\u00e9 de particulier, d\u2019autres l\u2019ayant pr\u00e9venu \u00e0 plusieurs reprises de son comportement \u00a0trop proche\u00a0 des petites filles.<\/p>\n<p>\u00c0 la barre, il continue de s\u2019opposer fermement aux t\u00e9moignages le mettant en cause, donnant sa version. Derri\u00e8re lui, les parents sont toujours attentifs. Ils seront entendus dans la journ\u00e9e. Quelques enfants sont \u00e9galement pr\u00e9sents dans la salle, ils pourront s\u2019exprimer s\u2019ils le souhaitent.<\/p>\n<p>\u00a0<\/p>\n","protected":false},"excerpt":{"rendered":"L\u2019audience de jugement d\u2019un ancien animateur de p\u00e9riscolaire, soup\u00e7onn\u00e9 d\u2019agressions sexuelles sur 13\u00a0enfants entre 2017 et 2019 \u00e0&hellip;\n","protected":false},"author":2,"featured_media":602900,"comment_status":"","ping_status":"","sticky":false,"template":"","format":"standard","meta":{"footnotes":""},"categories":[2818],"tags":[1111,11,11211,4255,9827,17144,18121,1777,674,1011,27,9342,766,12,3306,2636,25,19039],"class_list":{"0":"post-602899","1":"post","2":"type-post","3":"status-publish","4":"format-standard","5":"has-post-thumbnail","7":"category-nantes","8":"tag-actu","9":"tag-actualites","10":"tag-agressions","11":"tag-ancien","12":"tag-animateur","13":"tag-attendus","14":"tag-barre","15":"tag-eu","16":"tag-europe","17":"tag-fr","18":"tag-france","19":"tag-juge","20":"tag-nantes","21":"tag-news","22":"tag-parents","23":"tag-pays-de-la-loire","24":"tag-republique-francaise","25":"tag-sexuelles"},"share_on_mastodon":{"url":"https:\/\/pubeurope.com\/@fr\/115729088295775876","error":""},"_links":{"self":[{"href":"https:\/\/www.europesays.com\/fr\/wp-json\/wp\/v2\/posts\/602899","targetHints":{"allow":["GET"]}}],"collection":[{"href":"https:\/\/www.europesays.com\/fr\/wp-json\/wp\/v2\/posts"}],"about":[{"href":"https:\/\/www.europesays.com\/fr\/wp-json\/wp\/v2\/types\/post"}],"author":[{"embeddable":true,"href":"https:\/\/www.europesays.com\/fr\/wp-json\/wp\/v2\/users\/2"}],"replies":[{"embeddable":true,"href":"https:\/\/www.europesays.com\/fr\/wp-json\/wp\/v2\/comments?post=602899"}],"version-history":[{"count":0,"href":"https:\/\/www.europesays.com\/fr\/wp-json\/wp\/v2\/posts\/602899\/revisions"}],"wp:featuredmedia":[{"embeddable":true,"href":"https:\/\/www.europesays.com\/fr\/wp-json\/wp\/v2\/media\/602900"}],"wp:attachment":[{"href":"https:\/\/www.europesays.com\/fr\/wp-json\/wp\/v2\/media?parent=602899"}],"wp:term":[{"taxonomy":"category","embeddable":true,"href":"https:\/\/www.europesays.com\/fr\/wp-json\/wp\/v2\/categories?post=602899"},{"taxonomy":"post_tag","embeddable":true,"href":"https:\/\/www.europesays.com\/fr\/wp-json\/wp\/v2\/tags?post=602899"}],"curies":[{"name":"wp","href":"https:\/\/api.w.org\/{rel}","templated":true}]}}