{"id":602901,"date":"2025-12-16T11:48:12","date_gmt":"2025-12-16T11:48:12","guid":{"rendered":"https:\/\/www.europesays.com\/fr\/602901\/"},"modified":"2025-12-16T11:48:12","modified_gmt":"2025-12-16T11:48:12","slug":"lus-concarneau-espere-proposer-de-nouvelles-places-pour-le-match-contre-le-fc-nantes","status":"publish","type":"post","link":"https:\/\/www.europesays.com\/fr\/602901\/","title":{"rendered":"L\u2019US Concarneau esp\u00e8re proposer de nouvelles places pour le match contre le FC Nantes"},"content":{"rendered":"<p>\u00ab\u00a0Nous sommes d\u00e9sol\u00e9s pour les gens qui ont attendu\u00a0\u00bb\u2026 Ce mardi 16 d\u00e9cembre, au matin, Francis Boudin, le directeur g\u00e9n\u00e9ral de <a href=\"https:\/\/www.letelegramme.fr\/sports\/football\/us-concarneau\/\" target=\"_blank\" rel=\"noopener\">l\u2019US Concarneau<\/a>, a souhait\u00e9 r\u00e9agir \u00e0 <a href=\"https:\/\/www.letelegramme.fr\/finistere\/concarneau-29900\/decus-une-quinzaine-de-supporters-trouvent-porte-close-devant-la-billetterie-de-lus-concarneau-ce-lundi-15-decembre-6947953.php\" target=\"_blank\" rel=\"noopener\">la d\u00e9ception de la quinzaine de supporters<\/a> qui, lundi, sont venus au stade Guy-Piriou dans l\u2019espoir de d\u00e9crocher un s\u00e9same pour le match de Coupe de France de dimanche, qui opposera les Thoniers au FC Nantes. Un espoir vain, la boutique ayant gard\u00e9 portes closes, faute de billets encore disponibles.<\/p>\n<p>\u00ab\u00a0Il y a eu un alignement d\u2019impr\u00e9vus de communication, indique Francis Boudin. On a communiqu\u00e9 le 6 d\u00e9cembre sur les r\u00e9seaux sociaux pour informer qu\u2019il n\u2019y avait plus de place \u00e0 vendre. Et avec <a href=\"https:\/\/www.letelegramme.fr\/finistere\/concarneau-29900\/modernisation-a-1270-meur-le-nouveau-stade-guy-piriou-pret-a-changer-de-dimension-a-concarneau-video-6946946.php\" target=\"_blank\" rel=\"noopener\">la visite du stade, samedi<\/a>, l\u2019affiche annon\u00e7ant que le match \u00e9tait complet a \u00e9t\u00e9 retir\u00e9e\u00a0\u00bb.<\/p>\n<p>\u00ab\u00a0Voir si on peut proposer des places en plus\u00a0\u00bb<\/p>\n<p>De fait, les 2\u00a0539 places pour ce match au sommet ont \u00e9t\u00e9 vendues en deux heures. \u00ab\u00a0Et il y a une liste d\u2019attente de 600 personnes\u00a0\u00bb, indique le directeur g\u00e9n\u00e9ral, qui rappelle que le club travaille actuellement \u00ab\u00a0avec la pr\u00e9fecture et la Ville pour voir si on peut proposer des places en plus\u00a0\u00bb. Des places qui pourraient \u00eatre ouvertes dans la nouvelle tribune.<\/p>\n<p>En attendant, Francis Boudin invite les personnes qui se sont d\u00e9plac\u00e9es en vain ce lundi \u00e0 envoyer un mail au club \u00e0 l\u2019adresse billetterie@usc-concarneau.com. \u00ab\u00a0S\u2019il y a des places en plus, ces gens seront prioritaires\u00a0\u00bb, assure-t-il.<\/p>\n","protected":false},"excerpt":{"rendered":"\u00ab\u00a0Nous sommes d\u00e9sol\u00e9s pour les gens qui ont attendu\u00a0\u00bb\u2026 Ce mardi 16 d\u00e9cembre, au matin, Francis Boudin, le&hellip;\n","protected":false},"author":2,"featured_media":602902,"comment_status":"","ping_status":"","sticky":false,"template":"","format":"standard","meta":{"footnotes":""},"categories":[2818],"tags":[1111,11,3322,83,1777,674,63,1011,27,766,12,2636,25,14656,63772],"class_list":{"0":"post-602901","1":"post","2":"type-post","3":"status-publish","4":"format-standard","5":"has-post-thumbnail","7":"category-nantes","8":"tag-actu","9":"tag-actualites","10":"tag-concarneau","11":"tag-coupe-de-france","12":"tag-eu","13":"tag-europe","14":"tag-football","15":"tag-fr","16":"tag-france","17":"tag-nantes","18":"tag-news","19":"tag-pays-de-la-loire","20":"tag-republique-francaise","21":"tag-us-concarneau","22":"tag-us-concarnoise-beuzecquoise"},"share_on_mastodon":{"url":"https:\/\/pubeurope.com\/@fr\/115729092105168980","error":""},"_links":{"self":[{"href":"https:\/\/www.europesays.com\/fr\/wp-json\/wp\/v2\/posts\/602901","targetHints":{"allow":["GET"]}}],"collection":[{"href":"https:\/\/www.europesays.com\/fr\/wp-json\/wp\/v2\/posts"}],"about":[{"href":"https:\/\/www.europesays.com\/fr\/wp-json\/wp\/v2\/types\/post"}],"author":[{"embeddable":true,"href":"https:\/\/www.europesays.com\/fr\/wp-json\/wp\/v2\/users\/2"}],"replies":[{"embeddable":true,"href":"https:\/\/www.europesays.com\/fr\/wp-json\/wp\/v2\/comments?post=602901"}],"version-history":[{"count":0,"href":"https:\/\/www.europesays.com\/fr\/wp-json\/wp\/v2\/posts\/602901\/revisions"}],"wp:featuredmedia":[{"embeddable":true,"href":"https:\/\/www.europesays.com\/fr\/wp-json\/wp\/v2\/media\/602902"}],"wp:attachment":[{"href":"https:\/\/www.europesays.com\/fr\/wp-json\/wp\/v2\/media?parent=602901"}],"wp:term":[{"taxonomy":"category","embeddable":true,"href":"https:\/\/www.europesays.com\/fr\/wp-json\/wp\/v2\/categories?post=602901"},{"taxonomy":"post_tag","embeddable":true,"href":"https:\/\/www.europesays.com\/fr\/wp-json\/wp\/v2\/tags?post=602901"}],"curies":[{"name":"wp","href":"https:\/\/api.w.org\/{rel}","templated":true}]}}