{"id":602915,"date":"2025-12-16T11:55:11","date_gmt":"2025-12-16T11:55:11","guid":{"rendered":"https:\/\/www.europesays.com\/fr\/602915\/"},"modified":"2025-12-16T11:55:11","modified_gmt":"2025-12-16T11:55:11","slug":"les-reseaux-sociaux-sont-faits-pour-creer-de-lexcitation","status":"publish","type":"post","link":"https:\/\/www.europesays.com\/fr\/602915\/","title":{"rendered":"Les r\u00e9seaux sociaux sont faits pour cr\u00e9er de l&rsquo;excitation"},"content":{"rendered":"<p>\u00ab\u00a0Sur ces dix derni\u00e8res ann\u00e9es, les journaux qui avaient beaucoup de publicit\u00e9 l&rsquo;ont perdue, car elle est plus individualis\u00e9e sur les r\u00e9seaux sociaux, a-t-il poursuivi. Les r\u00e9seaux sociaux ne sont pas faits pour nous informer, leur mod\u00e8le c&rsquo;est de vendre de la publicit\u00e9 individualis\u00e9e. M\u00e9caniquement, il cr\u00e9e de la d\u00e9pendance. Aujourd&rsquo;hui, chez les jeunes, on est \u00e0 4h20 par jour. Il faut r\u00e9ussir \u00e0 freiner \u00e7a.\u00a0\u00bb<\/p>\n","protected":false},"excerpt":{"rendered":"\u00ab\u00a0Sur ces dix derni\u00e8res ann\u00e9es, les journaux qui avaient beaucoup de publicit\u00e9 l&rsquo;ont perdue, car elle est plus&hellip;\n","protected":false},"author":2,"featured_media":602916,"comment_status":"","ping_status":"","sticky":false,"template":"","format":"standard","meta":{"footnotes":""},"categories":[2814],"tags":[17,1111,11,71529,1777,674,1011,27,151,11514,884,12,882,16,25,19436,2847,510],"class_list":{"0":"post-602915","1":"post","2":"type-post","3":"status-publish","4":"format-standard","5":"has-post-thumbnail","7":"category-marseille","8":"tag-17","9":"tag-actu","10":"tag-actualites","11":"tag-demmanuel","12":"tag-eu","13":"tag-europe","14":"tag-fr","15":"tag-france","16":"tag-les","17":"tag-macron","18":"tag-marseille","19":"tag-news","20":"tag-provence-alpes-cote-dazur","21":"tag-region","22":"tag-republique-francaise","23":"tag-reseaux","24":"tag-sociaux","25":"tag-visite"},"share_on_mastodon":{"url":"https:\/\/pubeurope.com\/@fr\/115729119627518520","error":""},"_links":{"self":[{"href":"https:\/\/www.europesays.com\/fr\/wp-json\/wp\/v2\/posts\/602915","targetHints":{"allow":["GET"]}}],"collection":[{"href":"https:\/\/www.europesays.com\/fr\/wp-json\/wp\/v2\/posts"}],"about":[{"href":"https:\/\/www.europesays.com\/fr\/wp-json\/wp\/v2\/types\/post"}],"author":[{"embeddable":true,"href":"https:\/\/www.europesays.com\/fr\/wp-json\/wp\/v2\/users\/2"}],"replies":[{"embeddable":true,"href":"https:\/\/www.europesays.com\/fr\/wp-json\/wp\/v2\/comments?post=602915"}],"version-history":[{"count":0,"href":"https:\/\/www.europesays.com\/fr\/wp-json\/wp\/v2\/posts\/602915\/revisions"}],"wp:featuredmedia":[{"embeddable":true,"href":"https:\/\/www.europesays.com\/fr\/wp-json\/wp\/v2\/media\/602916"}],"wp:attachment":[{"href":"https:\/\/www.europesays.com\/fr\/wp-json\/wp\/v2\/media?parent=602915"}],"wp:term":[{"taxonomy":"category","embeddable":true,"href":"https:\/\/www.europesays.com\/fr\/wp-json\/wp\/v2\/categories?post=602915"},{"taxonomy":"post_tag","embeddable":true,"href":"https:\/\/www.europesays.com\/fr\/wp-json\/wp\/v2\/tags?post=602915"}],"curies":[{"name":"wp","href":"https:\/\/api.w.org\/{rel}","templated":true}]}}