{"id":602917,"date":"2025-12-16T11:56:11","date_gmt":"2025-12-16T11:56:11","guid":{"rendered":"https:\/\/www.europesays.com\/fr\/602917\/"},"modified":"2025-12-16T11:56:11","modified_gmt":"2025-12-16T11:56:11","slug":"le-president-sest-recueilli-sur-la-tombe-de-mehdi-kessaci-en-presence-de-son-frere-amine","status":"publish","type":"post","link":"https:\/\/www.europesays.com\/fr\/602917\/","title":{"rendered":"le Pr\u00e9sident s&rsquo;est recueilli sur la tombe de Mehdi Kessaci, en pr\u00e9sence de son fr\u00e8re Amine"},"content":{"rendered":"<p><a href=\"https:\/\/www.laprovence.com\/article\/politique\/75364774783661\/emmanuel-macron-en-visite-mardi-marseille-en-grand-le-vrai-du-faux\" target=\"_blank\" rel=\"noopener\">Emmanuel Macron est \u00e0 Marseille<\/a> ce mardi 16 d\u00e9cembre, dans le cadre de son tour de France autour de la question des <a href=\"https:\/\/www.laprovence.com\/article\/region\/7212716895536214\/visite-demmanuel-macron-a-marseille-les-reseaux-sociaux-sont-faits-pour-creer-de-lexcitation\" target=\"_blank\" rel=\"noopener\">r\u00e9seaux sociaux<\/a>. L&rsquo;occasion aussi de r\u00e9affirmer son engagement dans la lutte contre le trafic de drogue.<\/p>\n<p>Avant de rencontrer <a href=\"https:\/\/www.laprovence.com\/article\/politique\/3177012572492\/macron-a-marseille-le-president-echange-avec-les-lecteurs-de-la-provence-suivez-notre-direct-video\" target=\"_blank\" rel=\"noopener\">les lecteurs de La Provence<\/a>, selon nos informations, le Pr\u00e9sident s&rsquo;est rendu dans la matin\u00e9e <a href=\"https:\/\/www.laprovence.com\/article\/region\/13790066359643\/visite-demmanuel-macron-a-marseille-amine-kessaci-souhaite-une-convention-citoyenne-de-lutte-contre-le-narcotrafic\" target=\"_blank\" rel=\"noopener\">avec Amine Kessac<\/a>i au cimeti\u00e8re Saint-Henri (16e) o\u00f9 est enterr\u00e9 <a href=\"https:\/\/www.laprovence.com\/article\/faits-divers-justice\/4436073558634214\/assassinat-de-mehdi-kessaci-les-dessous-dune-enquete-tres-sensible\" target=\"_blank\" rel=\"noopener\">Mehdi Kessaci.<\/a> Le pr\u00e9sident de la R\u00e9publique s&rsquo;est recueilli devant la tombe du j<a href=\"https:\/\/www.laprovence.com\/article\/region\/4049428182955614\/il-y-a-un-mois-mehdi-kessaci-etait-execute-a-marseille-et-maintenant\" target=\"_blank\" rel=\"noopener\">eune homme de 20 ans, assassin\u00e9<\/a> le 13 novembre de six balles dans le thorax.<\/p>\n","protected":false},"excerpt":{"rendered":"Emmanuel Macron est \u00e0 Marseille ce mardi 16 d\u00e9cembre, dans le cadre de son tour de France autour&hellip;\n","protected":false},"author":2,"featured_media":602918,"comment_status":"","ping_status":"","sticky":false,"template":"","format":"standard","meta":{"footnotes":""},"categories":[2814],"tags":[17,1111,11,71529,1777,674,1011,27,11514,884,12,4919,882,71538,16,25,17395,510],"class_list":{"0":"post-602917","1":"post","2":"type-post","3":"status-publish","4":"format-standard","5":"has-post-thumbnail","7":"category-marseille","8":"tag-17","9":"tag-actu","10":"tag-actualites","11":"tag-demmanuel","12":"tag-eu","13":"tag-europe","14":"tag-fr","15":"tag-france","16":"tag-macron","17":"tag-marseille","18":"tag-news","19":"tag-president","20":"tag-provence-alpes-cote-dazur","21":"tag-recueilli","22":"tag-region","23":"tag-republique-francaise","24":"tag-sest","25":"tag-visite"},"share_on_mastodon":{"url":"https:\/\/pubeurope.com\/@fr\/115729123613650810","error":""},"_links":{"self":[{"href":"https:\/\/www.europesays.com\/fr\/wp-json\/wp\/v2\/posts\/602917","targetHints":{"allow":["GET"]}}],"collection":[{"href":"https:\/\/www.europesays.com\/fr\/wp-json\/wp\/v2\/posts"}],"about":[{"href":"https:\/\/www.europesays.com\/fr\/wp-json\/wp\/v2\/types\/post"}],"author":[{"embeddable":true,"href":"https:\/\/www.europesays.com\/fr\/wp-json\/wp\/v2\/users\/2"}],"replies":[{"embeddable":true,"href":"https:\/\/www.europesays.com\/fr\/wp-json\/wp\/v2\/comments?post=602917"}],"version-history":[{"count":0,"href":"https:\/\/www.europesays.com\/fr\/wp-json\/wp\/v2\/posts\/602917\/revisions"}],"wp:featuredmedia":[{"embeddable":true,"href":"https:\/\/www.europesays.com\/fr\/wp-json\/wp\/v2\/media\/602918"}],"wp:attachment":[{"href":"https:\/\/www.europesays.com\/fr\/wp-json\/wp\/v2\/media?parent=602917"}],"wp:term":[{"taxonomy":"category","embeddable":true,"href":"https:\/\/www.europesays.com\/fr\/wp-json\/wp\/v2\/categories?post=602917"},{"taxonomy":"post_tag","embeddable":true,"href":"https:\/\/www.europesays.com\/fr\/wp-json\/wp\/v2\/tags?post=602917"}],"curies":[{"name":"wp","href":"https:\/\/api.w.org\/{rel}","templated":true}]}}