{"id":602921,"date":"2025-12-16T11:58:13","date_gmt":"2025-12-16T11:58:13","guid":{"rendered":"https:\/\/www.europesays.com\/fr\/602921\/"},"modified":"2025-12-16T11:58:13","modified_gmt":"2025-12-16T11:58:13","slug":"une-bonne-nouvelle-pour-le-secteur-de-lhotellerie-restauration","status":"publish","type":"post","link":"https:\/\/www.europesays.com\/fr\/602921\/","title":{"rendered":"\u00ab\u00a0Une bonne nouvelle\u00a0\u00bb pour le secteur de l\u2019h\u00f4tellerie-restauration"},"content":{"rendered":"<p>\u00ab\u00a0Une bonne nouvelle pour les salari\u00e9s, les touristes et l\u2019\u00e9conomie locale\u00a0! Un m\u00e9tro qui ne s\u2019arr\u00eate jamais le week-end, c\u2019est un signal fort pour une capitale europ\u00e9enne dynamique et attractive\u00a0!\u00a0\u00bb se f\u00e9licite l\u2019Umih (Union des m\u00e9tiers et des industries de l\u2019h\u00f4tellerie) du Rh\u00f4ne sur ses r\u00e9seaux sociaux ce mardi.<\/p>\n<p>La proposition de <a href=\"https:\/\/www.leprogres.fr\/p\/bruno-bernard\" target=\"_blank\" rel=\"noopener\">Bruno Bernard<\/a>, pr\u00e9sident \u00e9cologiste de la M\u00e9tropole et candidat \u00e0 sa propre succession est accueillie d\u2019autant plus favorablement que\u00a0l\u2019Umih du Rh\u00f4ne dans son <a href=\"https:\/\/www.umih69.fr\/wp-content\/uploads\/2025\/12\/LIVRE-BLANC_CHRDT_UMIH69.pdf\" target=\"_blank\" rel=\"noopener\">\u00a0livre blanc <\/a> pour 2026, demande \u00ab\u00a0des transports en commun renforc\u00e9s les soirs et week-ends\u00a0\u00bb.<\/p>\n<p>  \u00ab\u00a0Renforcer la vitalit\u00e9 \u00e9conomique\u00a0\u00bb<\/p>\n<p>Ce document strat\u00e9gique travaill\u00e9 avec les professionnels du secteur et transmis aux candidats \u00e0 la Ville ou la M\u00e9tropole de Lyon doit permettre de \u00ab\u00a0renforcer l\u2019attractivit\u00e9, la vitalit\u00e9 \u00e9conomique et la reconnaissance de nos m\u00e9tiers, essentiels au dynamisme et au rayonnement de Lyon\u00a0\u00bb, \u00e9crit l\u2019Umih.<\/p>\n<p>Ce contenu est bloqu\u00e9 car vous n&rsquo;avez pas accept\u00e9 les cookies et autres traceurs.<\/p>\n<p>En cliquant sur \u00ab J\u2019accepte \u00bb, les cookies et autres traceurs seront d\u00e9pos\u00e9s et vous pourrez visualiser les contenus  (<a href=\"\" class=\"consentModule_policy\" target=\"_blank\" title=\"Consulter la politique de protection des donn\u00e9es du fournisseur\">plus d&rsquo;informations<\/a>).<\/p>\n<p>En cliquant sur \u00ab J\u2019accepte tous les cookies \u00bb, vous autorisez des d\u00e9p\u00f4ts de cookies et autres traceurs pour le stockage de vos donn\u00e9es sur nos sites et applications \u00e0 des fins de personnalisation et de ciblage publicitaire.<\/p>\n<p class=\"consentModule_secondaryText\">Vous gardez la possibilit\u00e9 de retirer votre consentement \u00e0 tout moment en consultant notre <a href=\"https:\/\/www.leprogres.fr\/protection-des-donnees\" target=\"_blank\" title=\"Consulter notre politique de protection des donn\u00e9es\" rel=\"noopener\">politique de protection des donn\u00e9es<\/a>. <br \/>&#13;<br \/>\n            <a href=\"https:\/\/www.leprogres.fr\/economie\/2025\/12\/16\/javascript:Didomi.notice.show()\" class=\"consentModule_cmp\" target=\"_blank\" rel=\"noopener\">G\u00e9rer mes choix<\/a>&#13;\n        <\/p>\n<p>&#13;<br \/>\n                        J&rsquo;accepte&#13;<br \/>\n            J&rsquo;accepte tous les cookies&#13;\n        <\/p>\n<p>  Pas avant 2027<\/p>\n<p>Pr\u00e9cisons que la proposition de Bruno Bernard, s\u2019il est r\u00e9\u00e9lu en mars prochain, n\u2019entrerait en vigueur qu\u2019en 2027, le temps n\u00e9cessaire notamment au dialogue social avec les agents des TCL.<\/p>\n<p>\u00ab\u00a0Cette \u00e9volution devra \u00eatre travaill\u00e9e \u00e9troitement avec Sytral mobilit\u00e9s, ses d\u00e9l\u00e9gataires et ses agents, afin d\u2019en garantir la faisabilit\u00e9 op\u00e9rationnelle et la mise en \u0153uvre d\u00e8s 2027\u00a0\u00bb, indiquait Bruno Bernard, le 9\u00a0d\u00e9cembre dernier.<\/p>\n","protected":false},"excerpt":{"rendered":"\u00ab\u00a0Une bonne nouvelle pour les salari\u00e9s, les touristes et l\u2019\u00e9conomie locale\u00a0! Un m\u00e9tro qui ne s\u2019arr\u00eate jamais le&hellip;\n","protected":false},"author":2,"featured_media":602922,"comment_status":"","ping_status":"","sticky":false,"template":"","format":"standard","meta":{"footnotes":""},"categories":[1889],"tags":[1111,11,2430,3542,4406,33,2757,36284,1777,674,1011,27,2428,2756,12,316,25,2429,2803,216],"class_list":{"0":"post-602921","1":"post","2":"type-post","3":"status-publish","4":"format-standard","5":"has-post-thumbnail","7":"category-lyon","8":"tag-actu","9":"tag-actualites","10":"tag-auvergne-rhone-alpes","11":"tag-circulation","12":"tag-commerce-et-services","13":"tag-economie","14":"tag-edition-lyon-villeurbanne","15":"tag-elections-metropolitaines","16":"tag-eu","17":"tag-europe","18":"tag-fr","19":"tag-france","20":"tag-lyon","21":"tag-lyon-bassin","22":"tag-news","23":"tag-politique","24":"tag-republique-francaise","25":"tag-rhone","26":"tag-transport","27":"tag-vie-des-entreprises"},"share_on_mastodon":{"url":"https:\/\/pubeurope.com\/@fr\/115729131280821415","error":""},"_links":{"self":[{"href":"https:\/\/www.europesays.com\/fr\/wp-json\/wp\/v2\/posts\/602921","targetHints":{"allow":["GET"]}}],"collection":[{"href":"https:\/\/www.europesays.com\/fr\/wp-json\/wp\/v2\/posts"}],"about":[{"href":"https:\/\/www.europesays.com\/fr\/wp-json\/wp\/v2\/types\/post"}],"author":[{"embeddable":true,"href":"https:\/\/www.europesays.com\/fr\/wp-json\/wp\/v2\/users\/2"}],"replies":[{"embeddable":true,"href":"https:\/\/www.europesays.com\/fr\/wp-json\/wp\/v2\/comments?post=602921"}],"version-history":[{"count":0,"href":"https:\/\/www.europesays.com\/fr\/wp-json\/wp\/v2\/posts\/602921\/revisions"}],"wp:featuredmedia":[{"embeddable":true,"href":"https:\/\/www.europesays.com\/fr\/wp-json\/wp\/v2\/media\/602922"}],"wp:attachment":[{"href":"https:\/\/www.europesays.com\/fr\/wp-json\/wp\/v2\/media?parent=602921"}],"wp:term":[{"taxonomy":"category","embeddable":true,"href":"https:\/\/www.europesays.com\/fr\/wp-json\/wp\/v2\/categories?post=602921"},{"taxonomy":"post_tag","embeddable":true,"href":"https:\/\/www.europesays.com\/fr\/wp-json\/wp\/v2\/tags?post=602921"}],"curies":[{"name":"wp","href":"https:\/\/api.w.org\/{rel}","templated":true}]}}