{"id":602923,"date":"2025-12-16T12:00:14","date_gmt":"2025-12-16T12:00:14","guid":{"rendered":"https:\/\/www.europesays.com\/fr\/602923\/"},"modified":"2025-12-16T12:00:14","modified_gmt":"2025-12-16T12:00:14","slug":"chargee-de-mission-conservation-des-viperes-dile-de-france-programme-v-i-p","status":"publish","type":"post","link":"https:\/\/www.europesays.com\/fr\/602923\/","title":{"rendered":"Charg\u00e9(e) de mission \u00ab conservation des vip\u00e8res d\u2019\u00cele-de-France\u2013 programme V.I.P \u00bb"},"content":{"rendered":"<p>Qui sommes-nous ?<\/p>\n<p>L\u2019Agence r\u00e9gionale de la biodiversit\u00e9 en \u00cele-de-France (ARB \u00cedF), d\u00e9partement Biodiversit\u00e9 de L\u2019Institut Paris Region, est \u00e0 la fois un observatoire scientifique de l\u2019\u00e9tat de sant\u00e9 de la nature et une agence op\u00e9rationnelle : identification, \u00e9valuation et diffusion des pratiques favorables \u00e0 la biodiversit\u00e9, appui \u00e0 la transition \u00e9cologique des acteurs publics et priv\u00e9s, animation de r\u00e9seaux et mont\u00e9e en comp\u00e9tences des territoires. L\u2019ARB \u00cedF assure notamment des missions d\u2019accompagnement, d\u2019expertise et de formation au service des collectivit\u00e9s et des partenaires franciliens. Ses actions s\u2019appuient sur une \u00e9quipe pluridisciplinaire et sur un r\u00e9seau solide de partenaires scientifiques, institutionnels et associatifs, avec pour objectif commun de renforcer la connaissance et la protection du vivant en \u00cele-de-France.\u00a0<\/p>\n<p>Contexte du poste<\/p>\n<p>Le programme V.I.P \u2013 Vipers In Protection (2026\u20132028) vise \u00e0 enrayer le d\u00e9clin de la Vip\u00e8re p\u00e9liade (Vipera berus) et de la Vip\u00e8re aspic (Vipera aspis) en \u00cele-de-France. Ces deux esp\u00e8ces sont aujourd\u2019hui en danger de disparition \u00e0 l\u2019\u00e9chelle r\u00e9gionale, victimes de la fragmentation et de la d\u00e9gradation des habitats, de la pression climatique, des pollutions diffuses, et de destructions directes li\u00e9es \u00e0 la m\u00e9connaissance. Le programme s\u2019inscrit dans le Plan national d\u2019actions \u201cVip\u00e8res de France hexagonale\u201d 2025\u20132030 et mobilise un large collectif d\u2019acteurs : Etat, r\u00e9gion, SHF, ONF, CEN \u00cedF, CEBC Chiz\u00e9, PNR\u2026<\/p>\n<p>Vos missions principales<\/p>\n<p>Int\u00e9gr\u00e9 au d\u00e9partement Biodiversit\u00e9, vous assurerez la coordination et la mise en oeuvre op\u00e9rationnelle du programme V.I.P. en lien \u00e9troit avec les partenaires scientifiques, les gestionnaires d\u2019espaces et les acteurs locaux. Vous encadrerez ponctuellement des stagiaires pour appuyer les missions de terrain et de suivi.<\/p>\n<p>1. Suivi et \u00e9valuation des populations<\/p>\n<p>a.Mettre en place et coordonner les protocoles Capture\u2013 \u00a0 Marquage\u2013Recapture (CMR) sur les sites d\u2019\u00e9tude, en garantissant la qualit\u00e9 des observations et des donn\u00e9es collect\u00e9es.\u00a0<\/p>\n<p>b.Coordonner et r\u00e9aliser les pr\u00e9l\u00e8vements (sanitaires, g\u00e9n\u00e9tiques, \u00e9cotoxicologiques) en collaboration avec les partenaires scientifiques et v\u00e9t\u00e9rinaires.\u00a0<\/p>\n<p>c.Superviser les prestations et march\u00e9s associ\u00e9s, centraliser et synth\u00e9tiser les r\u00e9sultats scientifiques et techniques. \u00a0<\/p>\n<p>2. Restauration, protection et accompagnement des acteurs locaux<\/p>\n<p>a.Identifier les menaces et prioriser les sites d\u2019action \u00e0 l\u2019\u00e9chelle r\u00e9gionale.<\/p>\n<p>b.Co-construire avec les partenaires des plans d\u2019actions locaux : mise en d\u00e9fens, restauration d\u2019habitats, gestion adapt\u00e9e, am\u00e9nagements favorables et reconnexion des habitats.<\/p>\n<p>c.Accompagner les acteurs locaux (collectivit\u00e9s, associations, propri\u00e9taires, gestionnaires, entreprises) dans le montage des dossiers de financement (r\u00e9gionaux, nationaux, m\u00e9c\u00e9nat) et le suivi technique de leur mise en oeuvre (AMO biodiversit\u00e9).<\/p>\n<p>d.Assurer un suivi r\u00e9gulier sur le terrain et contribuer aux bilans techniques et indicateurs de progression du programme. \u00a0<\/p>\n<p>3. Formation, animation et sensibilisation<\/p>\n<p>a.D\u00e9cliner l\u2019\u00c9cole r\u00e9gionale d\u2019herp\u00e9tologie (ERH) dans une nouvelle version \u00e0 destination des bureaux d\u2019\u00e9tudes.\u00a0<\/p>\n<p>b.Organiser et animer des journ\u00e9es techniques locales pour sensibiliser les acteurs \u00e0 la probl\u00e9matique des vip\u00e8res, partager des retours d\u2019exp\u00e9rience et identifier collectivement les leviers d\u2019action.\u00a0<\/p>\n<p>c.Contribuer \u00e0 la production de supports techniques et grand public (guides, bilans, expositions, supports p\u00e9dagogiques).<\/p>\n<p>Profil recherch\u00e9Formation et exp\u00e9rience<\/p>\n<ul>\n<li>Master 2 ou \u00e9quivalent en \u00e9cologie, biologie de la conservation, environnement.<\/li>\n<li>Exp\u00e9rience confirm\u00e9e en herp\u00e9tologie de terrain, notamment en capture, manipulation et suivi d\u2019esp\u00e8ces sauvages ; exp\u00e9rience dans la manipulation d\u2019esp\u00e8ces venimeuses appr\u00e9ci\u00e9e.<\/li>\n<li>Exp\u00e9rience en coordination de projets de conservation, animation de r\u00e9seau d\u2019acteurs et gestion partenariale.<\/li>\n<li>Bonne connaissance du droit de l\u2019environnement, des dispositifs de protection et des outils r\u00e9glementaires associ\u00e9s (esp\u00e8ces prot\u00e9g\u00e9es, trames vertes et bleues, ORE, etc.).<\/li>\n<\/ul>\n<p>Comp\u00e9tences techniques<\/p>\n<ul>\n<li>\u00c9cologie de la restauration et continuit\u00e9s \u00e9cologiques ; gestion et am\u00e9nagement des milieux ouverts et forestiers.<\/li>\n<li>Ma\u00eetrise des outils de bureautique et de cartographie (QGIS, ArcGIS).\u00a0<\/li>\n<li>Pratique de la photo-identification des individus ; la ma\u00eetrise d\u2019outils tels que HotSpotter est un atout.<\/li>\n<li>Participation \u00e0 des projets d\u2019exp\u00e9rimentation sur faune sauvage appr\u00e9ci\u00e9e.<\/li>\n<\/ul>\n<p>Aptitudes personnelles<\/p>\n<ul>\n<li>Aisance relationnelle et diplomatie indispensables : capacit\u00e9 \u00e0 convaincre et f\u00e9d\u00e9rer des acteurs vari\u00e9s autour d\u2019esp\u00e8ces souvent mal per\u00e7ues.<\/li>\n<li>Solide capacit\u00e9 d\u2019organisation, gestion simultan\u00e9e de plusieurs volets de projet.<\/li>\n<li>Forte autonomie, sens du terrain et go\u00fbt du travail en ext\u00e9rieur.<\/li>\n<\/ul>\n<p>Conditions d&#8217;emploi<\/p>\n<ul>\n<li>Contrat : CDD de 36 mois, \u00e0 compter de f\u00e9vrier 2026.<\/li>\n<li>Localisation : Saint-Denis Pleyel (93) \u2013 si\u00e8ge de L\u2019Institut Paris Region.<\/li>\n<li>Temps plein.<\/li>\n<li>R\u00e9mun\u00e9ration selon exp\u00e9rience.<\/li>\n<li>De nombreux d\u00e9placements sont \u00e0 pr\u00e9voir : permis B obligatoire et v\u00e9hicule personnel indispensable (d\u00e9fraiement des d\u00e9placements pr\u00e9vu).<\/li>\n<\/ul>\n","protected":false},"excerpt":{"rendered":"Qui sommes-nous ? L\u2019Agence r\u00e9gionale de la biodiversit\u00e9 en \u00cele-de-France (ARB \u00cedF), d\u00e9partement Biodiversit\u00e9 de L\u2019Institut Paris Region,&hellip;\n","protected":false},"author":2,"featured_media":602924,"comment_status":"","ping_status":"","sticky":false,"template":"","format":"standard","meta":{"footnotes":""},"categories":[1592],"tags":[1111,11,1777,674,1011,27,662,1577,12,626,25],"class_list":{"0":"post-602923","1":"post","2":"type-post","3":"status-publish","4":"format-standard","5":"has-post-thumbnail","7":"category-ile-de-france","8":"tag-actu","9":"tag-actualites","10":"tag-eu","11":"tag-europe","12":"tag-fr","13":"tag-france","14":"tag-ile-de-france","15":"tag-l","16":"tag-news","17":"tag-paris","18":"tag-republique-francaise"},"share_on_mastodon":{"url":"https:\/\/pubeurope.com\/@fr\/115729139157720942","error":""},"_links":{"self":[{"href":"https:\/\/www.europesays.com\/fr\/wp-json\/wp\/v2\/posts\/602923","targetHints":{"allow":["GET"]}}],"collection":[{"href":"https:\/\/www.europesays.com\/fr\/wp-json\/wp\/v2\/posts"}],"about":[{"href":"https:\/\/www.europesays.com\/fr\/wp-json\/wp\/v2\/types\/post"}],"author":[{"embeddable":true,"href":"https:\/\/www.europesays.com\/fr\/wp-json\/wp\/v2\/users\/2"}],"replies":[{"embeddable":true,"href":"https:\/\/www.europesays.com\/fr\/wp-json\/wp\/v2\/comments?post=602923"}],"version-history":[{"count":0,"href":"https:\/\/www.europesays.com\/fr\/wp-json\/wp\/v2\/posts\/602923\/revisions"}],"wp:featuredmedia":[{"embeddable":true,"href":"https:\/\/www.europesays.com\/fr\/wp-json\/wp\/v2\/media\/602924"}],"wp:attachment":[{"href":"https:\/\/www.europesays.com\/fr\/wp-json\/wp\/v2\/media?parent=602923"}],"wp:term":[{"taxonomy":"category","embeddable":true,"href":"https:\/\/www.europesays.com\/fr\/wp-json\/wp\/v2\/categories?post=602923"},{"taxonomy":"post_tag","embeddable":true,"href":"https:\/\/www.europesays.com\/fr\/wp-json\/wp\/v2\/tags?post=602923"}],"curies":[{"name":"wp","href":"https:\/\/api.w.org\/{rel}","templated":true}]}}