{"id":602927,"date":"2025-12-16T12:03:12","date_gmt":"2025-12-16T12:03:12","guid":{"rendered":"https:\/\/www.europesays.com\/fr\/602927\/"},"modified":"2025-12-16T12:03:12","modified_gmt":"2025-12-16T12:03:12","slug":"steel-panther-en-concert-au-bataclan-de-paris-en-juin-2026-news-rockurlife","status":"publish","type":"post","link":"https:\/\/www.europesays.com\/fr\/602927\/","title":{"rendered":"Steel Panther : en concert au Bataclan de Paris en juin 2026 ! &#8211; News &#8211; RockUrLife"},"content":{"rendered":"<p><strong>Steel Panther<\/strong> annonce son grand retour en <strong>Europe<\/strong> \u00e0 l\u2019\u00e9t\u00e9 2026, avec un passage tr\u00e8s attendu \u00e0 <strong>Paris<\/strong>. Les Californiens poseront leurs amplis au <strong>Bataclan<\/strong> le 15 juin 2026 pour un concert qui s\u2019annonce aussi excessif que jubilatoire, fid\u00e8le \u00e0 l\u2019ADN du groupe !<\/p>\n<p>R\u00e9put\u00e9 pour ses prestations sc\u00e9niques explosives, son humour sans filtre et son amour immod\u00e9r\u00e9 du glam metal, <strong>Steel Panther <\/strong>promet une soir\u00e9e puissante et f\u00e9d\u00e9ratrice, port\u00e9e par une setlist qui fera la part belle \u00e0 ses titres embl\u00e9matiques. Les fans peuvent d\u00e9j\u00e0 s\u2019attendre \u00e0 retrouver des incontournables comme \u00ab Fat Girl (Thar She Blows) \u00bb, \u00ab Friends With Benefits \u00bb, \u00ab Gloryhole \u00bb ou encore \u00ab Death To All But Metal \u00bb, autant d\u2019hymnes devenus cultes au fil des ann\u00e9es.<\/p>\n<p>Ce concert marquera les retrouvailles entre le groupe et la sc\u00e8ne parisienne, dans un <strong>Bataclan<\/strong> qui devrait parfaitement convenir \u00e0 l\u2019univers extravagant et provocateur de <strong>Steel Panther<\/strong>. Une date unique en <strong>France<\/strong> qui s\u2019inscrit dans une tourn\u00e9e europ\u00e9enne tr\u00e8s attendue.<\/p>\n<p>La pr\u00e9vente exclusive ouvrira le 18 d\u00e9cembre \u00e0 10h sur GDP.fr, tandis que la mise en vente g\u00e9n\u00e9rale aura lieu le 19 d\u00e9cembre \u00e0 10h dans les points de vente habituels. Une occasion \u00e0 ne pas manquer pour tous les amateurs de riffs outranciers, de refrains f\u00e9d\u00e9rateurs et de second degr\u00e9 assum\u00e9.<\/p>\n<p><img loading=\"lazy\" decoding=\"async\" width=\"768\" height=\"1024\" src=\"https:\/\/www.europesays.com\/fr\/wp-content\/uploads\/2025\/12\/IMG_4148-768x1024.jpeg\" alt=\"\" class=\"wp-image-230103\"\/><\/p>\n","protected":false},"excerpt":{"rendered":"Steel Panther annonce son grand retour en Europe \u00e0 l\u2019\u00e9t\u00e9 2026, avec un passage tr\u00e8s attendu \u00e0 Paris.&hellip;\n","protected":false},"author":2,"featured_media":602928,"comment_status":"","ping_status":"","sticky":false,"template":"","format":"standard","meta":{"footnotes":""},"categories":[1888],"tags":[1111,1928,11,1927,18543,1777,674,1011,27,12,1926,626,1925,25,71539],"class_list":{"0":"post-602927","1":"post","2":"type-post","3":"status-publish","4":"format-standard","5":"has-post-thumbnail","7":"category-paris","8":"tag-actu","9":"tag-actu-paris","10":"tag-actualites","11":"tag-actualites-paris","12":"tag-bataclan","13":"tag-eu","14":"tag-europe","15":"tag-fr","16":"tag-france","17":"tag-news","18":"tag-news-paris","19":"tag-paris","20":"tag-paris-news","21":"tag-republique-francaise","22":"tag-steel-panther"},"share_on_mastodon":{"url":"https:\/\/pubeurope.com\/@fr\/115729151422150700","error":""},"_links":{"self":[{"href":"https:\/\/www.europesays.com\/fr\/wp-json\/wp\/v2\/posts\/602927","targetHints":{"allow":["GET"]}}],"collection":[{"href":"https:\/\/www.europesays.com\/fr\/wp-json\/wp\/v2\/posts"}],"about":[{"href":"https:\/\/www.europesays.com\/fr\/wp-json\/wp\/v2\/types\/post"}],"author":[{"embeddable":true,"href":"https:\/\/www.europesays.com\/fr\/wp-json\/wp\/v2\/users\/2"}],"replies":[{"embeddable":true,"href":"https:\/\/www.europesays.com\/fr\/wp-json\/wp\/v2\/comments?post=602927"}],"version-history":[{"count":0,"href":"https:\/\/www.europesays.com\/fr\/wp-json\/wp\/v2\/posts\/602927\/revisions"}],"wp:featuredmedia":[{"embeddable":true,"href":"https:\/\/www.europesays.com\/fr\/wp-json\/wp\/v2\/media\/602928"}],"wp:attachment":[{"href":"https:\/\/www.europesays.com\/fr\/wp-json\/wp\/v2\/media?parent=602927"}],"wp:term":[{"taxonomy":"category","embeddable":true,"href":"https:\/\/www.europesays.com\/fr\/wp-json\/wp\/v2\/categories?post=602927"},{"taxonomy":"post_tag","embeddable":true,"href":"https:\/\/www.europesays.com\/fr\/wp-json\/wp\/v2\/tags?post=602927"}],"curies":[{"name":"wp","href":"https:\/\/api.w.org\/{rel}","templated":true}]}}