{"id":602935,"date":"2025-12-16T12:07:20","date_gmt":"2025-12-16T12:07:20","guid":{"rendered":"https:\/\/www.europesays.com\/fr\/602935\/"},"modified":"2025-12-16T12:07:20","modified_gmt":"2025-12-16T12:07:20","slug":"visualisez-le-recapitulatif-des-positions-de-kiev-moscou-washington-apres-les-derniers-pourparlers","status":"publish","type":"post","link":"https:\/\/www.europesays.com\/fr\/602935\/","title":{"rendered":"visualisez le r\u00e9capitulatif des positions de Kiev, Moscou, Washington apr\u00e8s les derniers pourparlers"},"content":{"rendered":"<p>\n    <strong>INFOGRAPHIES &#8211;<\/strong> R\u00e9unis en Allemagne, Am\u00e9ricains, Europ\u00e9ens et Ukrainiens ont intensifi\u00e9 leurs \u00e9changes sur un possible plan de paix. Malgr\u00e9 l\u2019optimisme affich\u00e9 par Washington, les divergences sur les garanties de s\u00e9curit\u00e9 et les territoires demeurent profondes.<\/p>\n<p class=\"fig-paragraph\">Vers une paix en Europe\u00a0? Les \u00e9changes diplomatiques autour d\u2019un possible\u00a0<a href=\"http:\/\/www.lefigaro.fr\/international\/plan-de-paix-pour-l-ukraine-territoires-cessez-le-feu-adhesion-a-l-otan-les-positions-de-kiev-moscou-washington-et-bruxelles-20251127\" data-fig-type=\"Article\" data-gtm-custom-categorie=\"navigation\" data-gtm-custom-action=\"crossclick\" data-gtm-custom-label=\"Contextuel\" data-gtm-event=\"customEventSPE\" data-fig-domain=\"LEFIGARO\" rel=\"nofollow noopener\" target=\"_blank\">cessez-le-feu en Ukraine<\/a>\u00a0se sont intensifi\u00e9s ces derniers jours \u00e0 la faveur de nouveaux pourparlers organis\u00e9s en\u00a0<a href=\"http:\/\/www.lefigaro.fr\/flash-actu\/l-allemagne-confirme-la-venue-de-volodymyr-zelensky-et-de-dirigeants-europeens-lundi-20251212\" data-fig-type=\"NewsFlash\" data-gtm-custom-categorie=\"navigation\" data-gtm-custom-action=\"crossclick\" data-gtm-custom-label=\"Contextuel\" data-gtm-event=\"customEventSPE\" data-fig-domain=\"LEFIGARO\" rel=\"nofollow noopener\" target=\"_blank\">Allemagne<\/a>. \u00c0 cette occasion, Donald Trump a estim\u00e9 qu\u2019un accord n\u2019avait \u00ab jamais \u00e9t\u00e9 aussi proche\u00a0\u00bb, alors que Washington presse ses partenaires d\u2019aboutir rapidement \u00e0 un compromis entre Kiev et Moscou.<\/p>\n<p class=\"fig-paragraph\">\u00c0 Berlin, le pr\u00e9sident ukrainien Volodymyr Zelensky a \u00e9chang\u00e9 avec les \u00e9missaires am\u00e9ricains Steve Witkoff et Jared Kushner, avant un d\u00eener de travail \u00e9largi \u00e0 plusieurs dirigeants europ\u00e9ens, dont Emmanuel Macron et le premier ministre britannique Keir Starmer. La France a de nouveau pos\u00e9 ses lignes rouges\u00a0: aucune discussion sur les territoires ne pourra s\u2019ouvrir sans l\u2019\u00e9tablissement pr\u00e9alable de \u00ab garanties de s\u00e9curit\u00e9 robustes\u00a0\u00bb pour l\u2019Ukraine.<\/p>\n<p class=\"fig-paragraph\">Pr\u00e9sent\u00e9 en novembre, le plan am\u00e9ricain, initialement jug\u00e9 favorable \u00e0 Moscou, continue d\u2019\u00eatre remani\u00e9 sous la pression de Kiev et des Europ\u00e9ens\u2026<\/p>\n<p class=\"fig-premium-paywall__infos\">\n        Cet article est r\u00e9serv\u00e9 aux abonn\u00e9s.        Il vous reste 71% \u00e0 d\u00e9couvrir.\n    <\/p>\n<p>                <img  data- alt=\"Le Figaro\" class=\"fig-img--complete fig-img\"\/><\/p>\n<p class=\"fig-premium-paywall__title\">Vente Flash<\/p>\n<p class=\"fig-premium-paywall__subtitle\">-50% sur l&rsquo;abonnement num\u00e9rique<\/p>\n<p class=\"fig-premium-paywall__connect\">\n                D\u00e9j\u00e0 abonn\u00e9\u00a0?                <a class=\"fig-premium-paywall__connect-link\" href=\"https:\/\/connect.lefigaro.fr\/login?client=horizon_web&amp;type=main&amp;redirect_uri=https%3A%2F%2Fwww.lefigaro.fr%2Finternational%2Fplan-de-paix-pour-l-ukraine-visualisez-le-recapitulatif-des-positions-de-kiev-moscou-washington-apres-les-derniers-pourparlers-20251216\" data-js-gtm=\"{&quot;customCategorie&quot;: &quot;conversion&quot;, &quot;customAction&quot;: &quot;before_Landing_Connexion_paywall_auto&quot;, &quot;customLabel&quot;: &quot;bGVmaWdhcm8uZnJfXzFmMGRhNjM5LTc2MzktNjY1Mi1iMmQ1LWExZTMyMGI5ZWFjZF9fTmV3c0ZsYXNo_Plan de paix pour l\u2019Ukraine: visualisez le r\u00e9capitulatif des positions de Kiev, Moscou, Washington apr\u00e8s les derniers pourparlers_140&quot;, &quot;customIDSPE&quot;: &quot;bGVmaWdhcm8uZnJfXzFmMGRhNjM5LTc2MzktNjY1Mi1iMmQ1LWExZTMyMGI5ZWFjZF9fTmV3c0ZsYXNo&quot;, &quot;event&quot;: &quot;customEventSPE&quot;}\" rel=\"nofollow noopener\" target=\"_blank\"><br \/>\n                    Connectez-vous<br \/>\n                <\/a>\n            <\/p>\n","protected":false},"excerpt":{"rendered":"INFOGRAPHIES &#8211; R\u00e9unis en Allemagne, Am\u00e9ricains, Europ\u00e9ens et Ukrainiens ont intensifi\u00e9 leurs \u00e9changes sur un possible plan de&hellip;\n","protected":false},"author":2,"featured_media":602936,"comment_status":"","ping_status":"","sticky":false,"template":"","format":"standard","meta":{"footnotes":""},"categories":[1590],"tags":[11,73,1777,674,12,2403,132,220],"class_list":{"0":"post-602935","1":"post","2":"type-post","3":"status-publish","4":"format-standard","5":"has-post-thumbnail","7":"category-ukraine","8":"tag-actualites","9":"tag-etats-unis","10":"tag-eu","11":"tag-europe","12":"tag-news","13":"tag-paix","14":"tag-russie","15":"tag-ukraine"},"share_on_mastodon":{"url":"https:\/\/pubeurope.com\/@fr\/115729166771273459","error":""},"_links":{"self":[{"href":"https:\/\/www.europesays.com\/fr\/wp-json\/wp\/v2\/posts\/602935","targetHints":{"allow":["GET"]}}],"collection":[{"href":"https:\/\/www.europesays.com\/fr\/wp-json\/wp\/v2\/posts"}],"about":[{"href":"https:\/\/www.europesays.com\/fr\/wp-json\/wp\/v2\/types\/post"}],"author":[{"embeddable":true,"href":"https:\/\/www.europesays.com\/fr\/wp-json\/wp\/v2\/users\/2"}],"replies":[{"embeddable":true,"href":"https:\/\/www.europesays.com\/fr\/wp-json\/wp\/v2\/comments?post=602935"}],"version-history":[{"count":0,"href":"https:\/\/www.europesays.com\/fr\/wp-json\/wp\/v2\/posts\/602935\/revisions"}],"wp:featuredmedia":[{"embeddable":true,"href":"https:\/\/www.europesays.com\/fr\/wp-json\/wp\/v2\/media\/602936"}],"wp:attachment":[{"href":"https:\/\/www.europesays.com\/fr\/wp-json\/wp\/v2\/media?parent=602935"}],"wp:term":[{"taxonomy":"category","embeddable":true,"href":"https:\/\/www.europesays.com\/fr\/wp-json\/wp\/v2\/categories?post=602935"},{"taxonomy":"post_tag","embeddable":true,"href":"https:\/\/www.europesays.com\/fr\/wp-json\/wp\/v2\/tags?post=602935"}],"curies":[{"name":"wp","href":"https:\/\/api.w.org\/{rel}","templated":true}]}}