{"id":602944,"date":"2025-12-16T12:12:18","date_gmt":"2025-12-16T12:12:18","guid":{"rendered":"https:\/\/www.europesays.com\/fr\/602944\/"},"modified":"2025-12-16T12:12:18","modified_gmt":"2025-12-16T12:12:18","slug":"la-montee-en-nationale-2-acquise-avant-la-derniere-journee-pour-les-pongistes-des-villes-soeurs","status":"publish","type":"post","link":"https:\/\/www.europesays.com\/fr\/602944\/","title":{"rendered":"La mont\u00e9e en Nationale 2 acquise avant la derni\u00e8re journ\u00e9e pour les pongistes des Villes S\u0153urs"},"content":{"rendered":"<p>                    Par<br \/>\n        <strong><br \/>\n            <a href=\"https:\/\/actu.fr\/auteur\/redaction-informateur\" title=\"Consulter tous les articles de R\u00e9daction Eu\" rel=\"nofollow noopener\" target=\"_blank\">R\u00e9daction Eu<\/a><br \/>\n                    <\/strong><\/p>\n<p>        Publi\u00e9 le<\/p>\n<p>            16 d\u00e9c. 2025 \u00e0 12h31        <\/p>\n<p data-ogsb=\"rgb(255, 255, 255)\">L\u2019objectif est atteint pour<b> le TTMTE<\/b> (Tennis de table Mers-Tr\u00e9port-Eu) : gr\u00e2ce \u00e0 une<b> belle victoire collective<\/b> face \u00e0 Fondettes sur le score de 8 \u00e0 4 samedi 13 d\u00e9cembre 2025 <a href=\"https:\/\/actu.fr\/normandie\/eu_76255\" rel=\"nofollow noopener\" target=\"_blank\">\u00e0 Eu<\/a>, les joueurs des Villes S\u0153urs ont valid\u00e9 officiellement<b> leur mont\u00e9e en Nationale 2<\/b>, et ce avant m\u00eame la derni\u00e8re journ\u00e9e du championnat de Nationale 3.<\/p>\n<p data-ogsb=\"rgb(255, 255, 255)\" class=\" wall-content\">La rencontre est longtemps rest\u00e9e ind\u00e9cise et les deux formations se sont tenu t\u00eate, avec un score de 4 partout avant les doubles, qui laissait planer le suspense dans le gymnase municipal. Mais, port\u00e9s par un public conquis, les joueurs locaux ont su faire la diff\u00e9rence au moment cl\u00e9.<\/p>\n<p data-ogsb=\"rgb(255, 255, 255)\" class=\" wall-content\">Le tournant du match est intervenu au moment des doubles : Adrien Belgueul et Quentin Belgueul, puis Lucian Munteanu associ\u00e9 \u00e0 Cristian Dorcescu, signent deux victoires pr\u00e9cieuses au terme de matchs intenses. Les deux paires Eudoise s\u2019imposant 11-9 \u00e0 la belle, permettant \u00e0 l\u2019\u00e9quipe de prendre l\u2019avantage 6-4.<\/p>\n<p data-ogsb=\"rgb(255, 255, 255)\" class=\" wall-content\">La fin de rencontre est parfaitement ma\u00eetris\u00e9e. Munteanu, victorieux \u00e0 nouveau dans son troisi\u00e8me match, apporte un point suppl\u00e9mentaire (7-4), avant que Quentin Belgueul ne scelle d\u00e9finitivement le sort de la rencontre en inscrivant le point de la victoire, synonyme de mont\u00e9e.<\/p>\n<p>    <img   decoding=\"async\" loading=\"lazy\" class=\"size-large\" src=\"https:\/\/www.europesays.com\/fr\/wp-content\/uploads\/2025\/12\/41303c437049675303c43704979303v-960x640.jpg\" alt=\"Cristian Dorcescu\" width=\"960\" height=\"640\"\/><br \/>\n    Cristian Dorcescu \u00a9TTMTEVid\u00e9os : en ce moment sur Actu<\/p>\n<p data-ogsb=\"rgb(255, 255, 255)\" class=\" wall-content\">Avec cette performance collective aboutie, l\u2019\u00e9quipe peut d\u00e9sormais aborder la derni\u00e8re journ\u00e9e du championnat avec s\u00e9r\u00e9nit\u00e9 et ambition, d\u00e9j\u00e0 tourn\u00e9e vers un nouveau d\u00e9fi : la Nationale 2. Un niveau que le TTMTE abordera d\u00e9but 2026, les pongistes disputant deux saisons par ann\u00e9e.<\/p>\n<p class=\" wall-content\">Personnalisez votre actualit\u00e9 en ajoutant vos villes et m\u00e9dias en favori avec <a href=\"https:\/\/moncompte.actu.fr\" title=\"D\u00e9couvez Mon Actu\" rel=\"nofollow noopener\" data-trk=\"{&quot;cta&quot;:{&quot;action&quot;:&quot;https:\\\/\\\/moncompte.actu.fr&quot;,&quot;category&quot;:&quot;mon compte&quot;,&quot;from&quot;:&quot;article footer&quot;,&quot;name&quot;:&quot;Mon actu&quot;,&quot;type&quot;:&quot;cta&quot;}}\" target=\"_blank\">Mon Actu<\/a>.<\/p>\n","protected":false},"excerpt":{"rendered":"Par R\u00e9daction Eu Publi\u00e9 le 16 d\u00e9c. 2025 \u00e0 12h31 L\u2019objectif est atteint pour le TTMTE (Tennis de&hellip;\n","protected":false},"author":2,"featured_media":602945,"comment_status":"","ping_status":"","sticky":false,"template":"","format":"standard","meta":{"footnotes":""},"categories":[1586],"tags":[11,1777,674,1779,1011,27,12,25,60,1778,364,3587],"class_list":{"0":"post-602944","1":"post","2":"type-post","3":"status-publish","4":"format-standard","5":"has-post-thumbnail","7":"category-europe","8":"tag-actualites","9":"tag-eu","10":"tag-europe","11":"tag-european-union","12":"tag-fr","13":"tag-france","14":"tag-news","15":"tag-republique-francaise","16":"tag-sports","17":"tag-ue","18":"tag-union-europeenne","19":"tag-villes-soeurs"},"share_on_mastodon":{"url":"https:\/\/pubeurope.com\/@fr\/115729187310944797","error":""},"_links":{"self":[{"href":"https:\/\/www.europesays.com\/fr\/wp-json\/wp\/v2\/posts\/602944","targetHints":{"allow":["GET"]}}],"collection":[{"href":"https:\/\/www.europesays.com\/fr\/wp-json\/wp\/v2\/posts"}],"about":[{"href":"https:\/\/www.europesays.com\/fr\/wp-json\/wp\/v2\/types\/post"}],"author":[{"embeddable":true,"href":"https:\/\/www.europesays.com\/fr\/wp-json\/wp\/v2\/users\/2"}],"replies":[{"embeddable":true,"href":"https:\/\/www.europesays.com\/fr\/wp-json\/wp\/v2\/comments?post=602944"}],"version-history":[{"count":0,"href":"https:\/\/www.europesays.com\/fr\/wp-json\/wp\/v2\/posts\/602944\/revisions"}],"wp:featuredmedia":[{"embeddable":true,"href":"https:\/\/www.europesays.com\/fr\/wp-json\/wp\/v2\/media\/602945"}],"wp:attachment":[{"href":"https:\/\/www.europesays.com\/fr\/wp-json\/wp\/v2\/media?parent=602944"}],"wp:term":[{"taxonomy":"category","embeddable":true,"href":"https:\/\/www.europesays.com\/fr\/wp-json\/wp\/v2\/categories?post=602944"},{"taxonomy":"post_tag","embeddable":true,"href":"https:\/\/www.europesays.com\/fr\/wp-json\/wp\/v2\/tags?post=602944"}],"curies":[{"name":"wp","href":"https:\/\/api.w.org\/{rel}","templated":true}]}}