{"id":602957,"date":"2025-12-16T12:23:11","date_gmt":"2025-12-16T12:23:11","guid":{"rendered":"https:\/\/www.europesays.com\/fr\/602957\/"},"modified":"2025-12-16T12:23:11","modified_gmt":"2025-12-16T12:23:11","slug":"cyclisme-route-lennard-kamna-ce-serait-une-vraie-reussite-de-participer-au-tour","status":"publish","type":"post","link":"https:\/\/www.europesays.com\/fr\/602957\/","title":{"rendered":"Cyclisme. Route &#8211; Lennard K\u00e4mna : \u00abCe serait une vraie r\u00e9ussite de participer au Tour\u00bb"},"content":{"rendered":"<p>Apr\u00e8s deux ann\u00e9es d\u00e9licates durant lesquelles il a pris du temps pour revenir de sa grave chute, <strong><a href=\"https:\/\/www.cyclismactu.net\/..\/news-route-lennard-kamna-de-retour-d-ici-peu-11-mois-apres-son-accident-86092.html\" target=\"_blank\" rel=\"noopener\">Lennard K\u00e4mna<\/a> <\/strong>est pr\u00eat \u00e0 revenir au meilleur niveau ! Percut\u00e9 par une voiture en avril 2024 lors d&rsquo;une sortie \u00e0 Tenerife, l&rsquo;Allemand a fait son retour \u00e0 la comp\u00e9tition lors du <strong>Tour de Catalogne <\/strong>en mars dernier. Le vainqueur d&rsquo;\u00e9tape sur les trois Grands Tours a poursuivi sa mont\u00e9e en puissance en encha\u00eenant les bons r\u00e9sultats, comme sur le <strong>Tour de Romandie <\/strong>ou le <strong>Tour d&rsquo;Autriche<\/strong>, o\u00f9 il a termin\u00e9 \u00e0 chaque fois 6e du classement g\u00e9n\u00e9ral. Comme expliqu\u00e9 \u00e0 <a href=\"https:\/\/sid.de\/\" target=\"_blank\" rel=\"noopener\">l&rsquo;agence de presse allemande SID<\/a>, apr\u00e8s \u00eatre revenu \u00e0 un bon niveau, le grimpeur de la <strong><a href=\"https:\/\/www.cyclismactu.net\/..\/news-transfert-route-a-surprise-generale-mattias-skjelmose-prolonge-avec-lidl-trek-91248.html\" target=\"_blank\" rel=\"noopener\">Lidl-Trek<\/a><\/strong> veut retrouver son meilleur niveau en 2026. L&rsquo;allemand se fixe d\u00e9sormais deux objectifs : lever les bras \u00e0 nouveau, et \u00eatre au d\u00e9part du <strong><a href=\"https:\/\/www.cyclismactu.net\/..\/news-interview-route-antonio-tiberi-si-peux-jouer-general-du-tour-de-france-91253.html\" target=\"_blank\" rel=\"noopener\">Tour de France<\/a><\/strong>.<\/p>\n<p>Vid\u00e9o &#8211; Lennard K\u00e4mna est vainqueur d&rsquo;\u00e9tape sur les 3 Grands Tours Lire la suite de l&rsquo;article&#13;<\/p>\n<p>\u00a0<\/p>\n<p>&#13;<br \/>\n\u00ab\u00a0Si je r\u00e9alise une saison r\u00e9guli\u00e8re, ce serait un vrai succ\u00e8s\u00a0\u00bb&#13;<\/p>\n<p>Baroudeur et grimpeur hors pair, <strong>Lennard K\u00e4mna <\/strong>souhaite d\u00e9sormais poursuivre sa progression pour revenir au plus haut niveau : \u00ab\u00a0Pour moi, ce serait un grand succ\u00e8s si je pouvais obtenir ici ou l\u00e0 des bons r\u00e9sultats. Mais si, dans l\u2019ensemble, je r\u00e9alise une bonne saison r\u00e9guli\u00e8re, ce serait aussi un vrai succ\u00e8s pour moi. Je suis en fait tr\u00e8s satisfait d\u2019avoir r\u00e9ussi, vers le milieu de l\u2019ann\u00e9e, \u00e0 revenir \u00e0 une forme optimale et \u00e0 montrer que je suis toujours aussi fort qu\u2019avant.\u00a0\u00bb\u00a0Avec un retour r\u00e9ussi malgr\u00e9 un <strong>Tour d&rsquo;Espagne <\/strong>manqu\u00e9 en raison d&rsquo;une infection au Covid, l&rsquo;Allemand poursuit d\u00e9sormais deux objectifs : \u00ab\u00a0Je veux vraiment gagner une course \u00e0 nouveau et \u00eatre au d\u00e9part du Tour de France\u00a0\u00bb<\/p>\n","protected":false},"excerpt":{"rendered":"Apr\u00e8s deux ann\u00e9es d\u00e9licates durant lesquelles il a pris du temps pour revenir de sa grave chute, Lennard&hellip;\n","protected":false},"author":2,"featured_media":602958,"comment_status":"","ping_status":"","sticky":false,"template":"","format":"standard","meta":{"footnotes":""},"categories":[1411],"tags":[1154,207,211,1011,27,209,60,210,212,208,213],"class_list":{"0":"post-602957","1":"post","2":"type-post","3":"status-publish","4":"format-standard","5":"has-post-thumbnail","7":"category-cyclisme","8":"tag-cycling","9":"tag-cyclisme","10":"tag-ffc","11":"tag-fr","12":"tag-france","13":"tag-route","14":"tag-sports","15":"tag-tour-de-france","16":"tag-uci","17":"tag-velo","18":"tag-world-tour"},"share_on_mastodon":{"url":"https:\/\/pubeurope.com\/@fr\/115729229699029163","error":""},"_links":{"self":[{"href":"https:\/\/www.europesays.com\/fr\/wp-json\/wp\/v2\/posts\/602957","targetHints":{"allow":["GET"]}}],"collection":[{"href":"https:\/\/www.europesays.com\/fr\/wp-json\/wp\/v2\/posts"}],"about":[{"href":"https:\/\/www.europesays.com\/fr\/wp-json\/wp\/v2\/types\/post"}],"author":[{"embeddable":true,"href":"https:\/\/www.europesays.com\/fr\/wp-json\/wp\/v2\/users\/2"}],"replies":[{"embeddable":true,"href":"https:\/\/www.europesays.com\/fr\/wp-json\/wp\/v2\/comments?post=602957"}],"version-history":[{"count":0,"href":"https:\/\/www.europesays.com\/fr\/wp-json\/wp\/v2\/posts\/602957\/revisions"}],"wp:featuredmedia":[{"embeddable":true,"href":"https:\/\/www.europesays.com\/fr\/wp-json\/wp\/v2\/media\/602958"}],"wp:attachment":[{"href":"https:\/\/www.europesays.com\/fr\/wp-json\/wp\/v2\/media?parent=602957"}],"wp:term":[{"taxonomy":"category","embeddable":true,"href":"https:\/\/www.europesays.com\/fr\/wp-json\/wp\/v2\/categories?post=602957"},{"taxonomy":"post_tag","embeddable":true,"href":"https:\/\/www.europesays.com\/fr\/wp-json\/wp\/v2\/tags?post=602957"}],"curies":[{"name":"wp","href":"https:\/\/api.w.org\/{rel}","templated":true}]}}