{"id":602961,"date":"2025-12-16T12:25:13","date_gmt":"2025-12-16T12:25:13","guid":{"rendered":"https:\/\/www.europesays.com\/fr\/602961\/"},"modified":"2025-12-16T12:25:13","modified_gmt":"2025-12-16T12:25:13","slug":"le-fait-davoir-trouve-lamour","status":"publish","type":"post","link":"https:\/\/www.europesays.com\/fr\/602961\/","title":{"rendered":"Le fait d&rsquo;avoir trouv\u00e9 l&rsquo;amour&#8230;"},"content":{"rendered":"<p>            <a href=\"https:\/\/www.journaldesfemmes.fr\/people\/magazine\/3250584-infos-actu-people-france-decembre-carole-rousseau-sarkozy-shym\/3250658-elodie-gossuin\" class=\"app_button_nav_prev jMiddlePreviousButton\" target=\"_blank\" rel=\"noopener\"><\/a><a href=\"https:\/\/www.journaldesfemmes.fr\/people\/magazine\/3250584-infos-actu-people-france-decembre-carole-rousseau-sarkozy-shym\/3250694-hinaupoko-deveze\" class=\"app_button_nav_next jMiddleNextButton\" target=\"_blank\" rel=\"noopener\"><\/a><\/p>\n<p>                <img loading=\"lazy\" decoding=\"async\" src=\"https:\/\/www.europesays.com\/fr\/wp-content\/uploads\/2025\/12\/40059176.jpg\" alt=\"\" width=\"250\" height=\"452\"\/><br \/>\n            <a href=\"https:\/\/img-3.journaldesfemmes.fr\/bXJoGCzMAWZVvPvu32YkzCf5tuA=\/2832x\/smart\/7e4d934487f34b68b323a73d4efa054a\/ccmcms-jdf\/40059176.jpg\" class=\"fancy app_btn_1 app_btn--ico\" target=\"_blank\" rel=\"noopener\"><\/a>G\u00e9rard Holtz et Muriel \u00a9\u00a0SIPA    <\/p>\n<p><strong>L&rsquo;amour donne des ailes<\/strong>.\u00a0G\u00e9rard Holtz vient de c\u00e9l\u00e9brer ses 79 ans, mais il est toujours tr\u00e8s en forme ! Et l&rsquo;un des secrets de jouvence de l&rsquo;ancien animateur est&#8230; l&rsquo;amour. Celui-ci vit une belle relation avec Muriel Mayette-Holtz, ex-administratrice g\u00e9n\u00e9rale de la Com\u00e9die-Fran\u00e7aise. \u00ab\u00a0Le fait d&rsquo;avoir trouv\u00e9 l&rsquo;amour . Je me r\u00e9veille tous les matins avec du bonheur dans le c\u0153ur et dans la vie\u00a0\u00bb, a-t-il d\u00e9clar\u00e9 \u00e0 T\u00e9l\u00e9 7 Jours.<\/p>\n","protected":false},"excerpt":{"rendered":"G\u00e9rard Holtz et Muriel \u00a9\u00a0SIPA L&rsquo;amour donne des ailes.\u00a0G\u00e9rard Holtz vient de c\u00e9l\u00e9brer ses 79 ans, mais il&hellip;\n","protected":false},"author":2,"featured_media":602962,"comment_status":"","ping_status":"","sticky":false,"template":"","format":"standard","meta":{"footnotes":""},"categories":[1359],"tags":[71540,51761,58,59,52292,1011,27,51766,1031,973],"class_list":{"0":"post-602961","1":"post","2":"type-post","3":"status-publish","4":"format-standard","5":"has-post-thumbnail","7":"category-people","8":"tag-cms-journaldesfemmes-3250672","9":"tag-controller-content","10":"tag-divertissement","11":"tag-entertainment","12":"tag-format-reportage","13":"tag-fr","14":"tag-france","15":"tag-les-histoires-du-jdf","16":"tag-magazine","17":"tag-people"},"share_on_mastodon":{"url":"https:\/\/pubeurope.com\/@fr\/115729238021064737","error":""},"_links":{"self":[{"href":"https:\/\/www.europesays.com\/fr\/wp-json\/wp\/v2\/posts\/602961","targetHints":{"allow":["GET"]}}],"collection":[{"href":"https:\/\/www.europesays.com\/fr\/wp-json\/wp\/v2\/posts"}],"about":[{"href":"https:\/\/www.europesays.com\/fr\/wp-json\/wp\/v2\/types\/post"}],"author":[{"embeddable":true,"href":"https:\/\/www.europesays.com\/fr\/wp-json\/wp\/v2\/users\/2"}],"replies":[{"embeddable":true,"href":"https:\/\/www.europesays.com\/fr\/wp-json\/wp\/v2\/comments?post=602961"}],"version-history":[{"count":0,"href":"https:\/\/www.europesays.com\/fr\/wp-json\/wp\/v2\/posts\/602961\/revisions"}],"wp:featuredmedia":[{"embeddable":true,"href":"https:\/\/www.europesays.com\/fr\/wp-json\/wp\/v2\/media\/602962"}],"wp:attachment":[{"href":"https:\/\/www.europesays.com\/fr\/wp-json\/wp\/v2\/media?parent=602961"}],"wp:term":[{"taxonomy":"category","embeddable":true,"href":"https:\/\/www.europesays.com\/fr\/wp-json\/wp\/v2\/categories?post=602961"},{"taxonomy":"post_tag","embeddable":true,"href":"https:\/\/www.europesays.com\/fr\/wp-json\/wp\/v2\/tags?post=602961"}],"curies":[{"name":"wp","href":"https:\/\/api.w.org\/{rel}","templated":true}]}}