{"id":602965,"date":"2025-12-16T12:28:11","date_gmt":"2025-12-16T12:28:11","guid":{"rendered":"https:\/\/www.europesays.com\/fr\/602965\/"},"modified":"2025-12-16T12:28:11","modified_gmt":"2025-12-16T12:28:11","slug":"on-na-pas-dautre-choix-que-de-suivre-tf1","status":"publish","type":"post","link":"https:\/\/www.europesays.com\/fr\/602965\/","title":{"rendered":"\u00abOn n\u2019a pas d\u2019autre choix que de suivre TF1\u00bb"},"content":{"rendered":"<p>    Mimie Mathy dans Jos\u00e9phine, ange gardien sur TF1.<br \/>\n                GILLES GUSTINE \/ DEMD PROD \/ TF1.<\/p>\n<p>\n    <strong>ENTRETIEN &#8211; <\/strong>Le lundi 29 d\u00e9cembre, la Une diffusera Les Sir\u00e8nes, un \u00e9pisode in\u00e9dit de la s\u00e9rie fran\u00e7aise \u00e0 succ\u00e8s. \u00abEnfin\u00a0!\u00bb, se r\u00e9jouit la com\u00e9dienne de 68 ans.<\/p>\n<p class=\"fig-paragraph\">Il s\u2019est pass\u00e9 deux ans depuis la diffusion du dernier \u00e9pisode in\u00e9dit de\u00a0<a href=\"https:\/\/tvmag.lefigaro.fr\/programme-tv\/programme\/josephine-ange-gardien-d1963946831\" target=\"_blank\" rel=\"noopener\" data-gtm-custom-categorie=\"navigation\" data-gtm-custom-action=\"crossclick\" data-gtm-custom-label=\"Contextuel\" data-gtm-event=\"customEventSPE\"><strong>Jos\u00e9phine, ange gardien<\/strong> <\/a>. Tout ce temps, TF1 a multipli\u00e9 les rediffusions. Ce lundi 29 d\u00e9cembre,\u00a0<a href=\"https:\/\/www.lefigaro.fr\/tag\/mimie-mathy\" target=\"_blank\" rel=\"noopener\" data-gtm-custom-categorie=\"navigation\" data-gtm-custom-action=\"crossclick\" data-gtm-custom-label=\"Contextuel\" data-gtm-event=\"customEventSPE\"><strong>Mimie Mathy<\/strong><\/a> \u00a0fera, d\u2019une certaine mani\u00e8re, son grand retour dans la fiction qu\u2019elle porte depuis 1997. Dans Les Sir\u00e8nes, son personnage vient en aide \u00e0 Lisa. Jou\u00e9e par Jennifer Lauret, cette maman veut prouver \u00e0 sa fille de 17 ans qu\u2019elle est capable de prendre sa vie en mains. Pour ce faire, elle va monter et entra\u00eener une \u00e9quipe de natation synchronis\u00e9e.<\/p>\n<p class=\"fig-paragraph\"><strong>TV MAGAZINE. &#8211; Comment allez-vous\u00a0?\u00a0<\/strong><br \/><strong>Mimie MATHY. &#8211; <\/strong>\u00c7a va bien merci. \u00c0 part mes jambes qui sont un peu faibles, tout va bien. Je ne suis toujours pas une grande sportive et je ne ferai pas les Jeux olympiques de Los Angeles (rires).<\/p>\n<p class=\"fig-body-link\">\n            \u00c0 lire aussi<br \/>\n        <a class=\"fig-body-link__link\" href=\"http:\/\/tvmag.lefigaro.fr\/programme-tv\/actu-tele\/josephine-ange-gardien-sa-sante-les-enfoires-pierre-palmade-mimie-mathy-se-confie-ca-va-du-mieux-possible-20231204\" target=\"_blank\" data-fig-type=\"Article\" rel=\"noopener\" data-gtm-custom-categorie=\"navigation\" data-gtm-custom-action=\"crossclick\" data-gtm-custom-label=\"Contextuel\" data-gtm-event=\"customEventSPE\" data-fig-domain=\"TVMAG\"><\/p>\n<p>        Jos\u00e9phine, ange gardien, sa sant\u00e9, Les Enfoir\u00e9s, Pierre Palmade&#8230; Mimie Mathy se confie\u00a0: \u00ab\u00c7a va du mieux possible\u00bb<br \/>\n    <\/a>\n<\/p>\n<p class=\"fig-paragraph\"><strong>Cette fin d\u2019ann\u00e9e signe de votre retour \u00e0 la t\u00e9l\u00e9vision avec un nouvel \u00e9pisode de <\/strong><strong>Jos\u00e9phine, ange gardien<\/strong> <strong>&#8230;<\/strong><br \/>Enfin\u00a0! Enfin\u00a0!<\/p>\n<p class=\"fig-paragraph\"><strong>Savez-vous pourquoi TF1 a mis autant de temps \u00e0 programmer un in\u00e9dit\u00a0?\u00a0<\/strong><br \/>\u00c7a, il faudrait le demander\u2026<\/p>\n<p class=\"fig-premium-paywall__infos\">\n        Cet article est r\u00e9serv\u00e9 aux abonn\u00e9s.        Il vous reste 87% \u00e0 d\u00e9couvrir.\n    <\/p>\n<p>                <img  data- alt=\"Le Figaro\" class=\"fig-img--complete fig-img\"\/><\/p>\n<p class=\"fig-premium-paywall__title\">Vente Flash<\/p>\n<p class=\"fig-premium-paywall__subtitle\">-50% sur l&rsquo;abonnement num\u00e9rique<\/p>\n<p class=\"fig-premium-paywall__connect\">\n                D\u00e9j\u00e0 abonn\u00e9\u00a0?                <a class=\"fig-premium-paywall__connect-link\" href=\"https:\/\/connect.lefigaro.fr\/login?client=tvmag_web&amp;type=main&amp;redirect_uri=https%3A%2F%2Ftvmag.lefigaro.fr%2Fprogramme-tv%2Fseries%2Fmimie-mathy-de-retour-dans-josephine-ange-gardien-apres-deux-ans-d-absence-on-n-a-pas-d-autre-choix-que-de-suivre-tf1-20251216\" data-js-gtm=\"{&quot;customCategorie&quot;: &quot;conversion&quot;, &quot;customAction&quot;: &quot;before_Landing_Connexion_paywall_auto&quot;, &quot;customLabel&quot;: &quot;dHZtYWcubGVmaWdhcm8uZnJfXzFmMGQ5ZmY0LTZjMzMtNjdiNi05M2JjLTY5YzYxYjNhMDNhYl9fQXJ0aWNsZQ==_Mimie Mathy de retour dans &lt;i&gt;Jos\u00e9phine, ange gardien&lt;\/i&gt; apr\u00e8s deux ans d\u2019absence\u00a0: \u00abOn n\u2019a pas d\u2019autre choix que de suivre TF1\u00bb_101&quot;, &quot;customIDSPE&quot;: &quot;dHZtYWcubGVmaWdhcm8uZnJfXzFmMGQ5ZmY0LTZjMzMtNjdiNi05M2JjLTY5YzYxYjNhMDNhYl9fQXJ0aWNsZQ==&quot;, &quot;event&quot;: &quot;customEventSPE&quot;}\" target=\"_blank\" rel=\"noopener\"><br \/>\n                    Connectez-vous<br \/>\n                <\/a>\n            <\/p>\n","protected":false},"excerpt":{"rendered":"Mimie Mathy dans Jos\u00e9phine, ange gardien sur TF1. GILLES GUSTINE \/ DEMD PROD \/ TF1. ENTRETIEN &#8211; Le&hellip;\n","protected":false},"author":2,"featured_media":602966,"comment_status":"","ping_status":"","sticky":false,"template":"","format":"standard","meta":{"footnotes":""},"categories":[1356],"tags":[58,59,1011,27,7253,252,199,1364],"class_list":{"0":"post-602965","1":"post","2":"type-post","3":"status-publish","4":"format-standard","5":"has-post-thumbnail","7":"category-television","8":"tag-divertissement","9":"tag-entertainment","10":"tag-fr","11":"tag-france","12":"tag-mimie-mathy","13":"tag-television","14":"tag-tf1","15":"tag-tv"},"share_on_mastodon":{"url":"https:\/\/pubeurope.com\/@fr\/115729249673032566","error":""},"_links":{"self":[{"href":"https:\/\/www.europesays.com\/fr\/wp-json\/wp\/v2\/posts\/602965","targetHints":{"allow":["GET"]}}],"collection":[{"href":"https:\/\/www.europesays.com\/fr\/wp-json\/wp\/v2\/posts"}],"about":[{"href":"https:\/\/www.europesays.com\/fr\/wp-json\/wp\/v2\/types\/post"}],"author":[{"embeddable":true,"href":"https:\/\/www.europesays.com\/fr\/wp-json\/wp\/v2\/users\/2"}],"replies":[{"embeddable":true,"href":"https:\/\/www.europesays.com\/fr\/wp-json\/wp\/v2\/comments?post=602965"}],"version-history":[{"count":0,"href":"https:\/\/www.europesays.com\/fr\/wp-json\/wp\/v2\/posts\/602965\/revisions"}],"wp:featuredmedia":[{"embeddable":true,"href":"https:\/\/www.europesays.com\/fr\/wp-json\/wp\/v2\/media\/602966"}],"wp:attachment":[{"href":"https:\/\/www.europesays.com\/fr\/wp-json\/wp\/v2\/media?parent=602965"}],"wp:term":[{"taxonomy":"category","embeddable":true,"href":"https:\/\/www.europesays.com\/fr\/wp-json\/wp\/v2\/categories?post=602965"},{"taxonomy":"post_tag","embeddable":true,"href":"https:\/\/www.europesays.com\/fr\/wp-json\/wp\/v2\/tags?post=602965"}],"curies":[{"name":"wp","href":"https:\/\/api.w.org\/{rel}","templated":true}]}}