{"id":602969,"date":"2025-12-16T12:30:18","date_gmt":"2025-12-16T12:30:18","guid":{"rendered":"https:\/\/www.europesays.com\/fr\/602969\/"},"modified":"2025-12-16T12:30:18","modified_gmt":"2025-12-16T12:30:18","slug":"le-top-10-de-lannee-2025-du-service-culture-de-libe-liberation","status":"publish","type":"post","link":"https:\/\/www.europesays.com\/fr\/602969\/","title":{"rendered":"le top 10 de l\u2019ann\u00e9e 2025 du service Culture de \u00abLib\u00e9\u00bb \u2013 Lib\u00e9ration"},"content":{"rendered":"<p class=\"sc-cPiKLX AiZTS text-element\">Marseille, toute la d\u00e9cennie 90, les tubes de l\u2019\u00e2ge d\u2019or du ra\u00ef d\u2019Oran, l\u2019exil, l\u2019amour, l\u2019apprentissage, la lumi\u00e8re d\u2019hiver sur la mer, il y a tout et plus dans <a href=\"https:\/\/www.liberation.fr\/culture\/cinema\/said-hamich-benlarbi-realisteur-de-la-mer-au-loin-le-film-raconte-lexil-comme-aventure-20250204_AHMSGL6BDJCF7KEMX3VDSOLX6Y\/\" target=\"_blank\" rel=\"noreferrer noopener\" title=\"https:\/\/www.liberation.fr\/culture\/cinema\/said-hamich-benlarbi-realisteur-de-la-mer-au-loin-le-film-raconte-lexil-comme-aventure-20250204_AHMSGL6BDJCF7KEMX3VDSOLX6Y\/\">ce film de Sa\u00efd Hamich Benlarbi<\/a>, qui emporte et r\u00e9sout par la musique, sa m\u00e9lancolie historique addictive, les frictions du cin\u00e9ma fran\u00e7ais de fiction, ses vieilles tensions entre r\u00e9cit et personnage, entre \u00e9poque et individu. Le jeune Nour, arriv\u00e9 sans papiers d\u2019Oujda (nord-est du Maroc) dans les Bouches-du-Rh\u00f4ne, y vieillit d\u2019une d\u00e9cennie au contact de personnages secondaires \u00e0 la complexit\u00e9 sublime. <a href=\"https:\/\/www.liberation.fr\/culture\/cinema\/la-mer-au-loin-sur-du-bon-rai-20250204_R5PRLXLX7ZGJDKFQPOW673KY3M\/\" target=\"_blank\" rel=\"noreferrer noopener\" title=\"https:\/\/www.liberation.fr\/culture\/cinema\/la-mer-au-loin-sur-du-bon-rai-20250204_R5PRLXLX7ZGJDKFQPOW673KY3M\/\">Force d\u2019un m\u00e9lodrame<\/a> qui cherche \u00e0 donner \u00e0 des histoires mal racont\u00e9es, mal entendues, l\u2019ampleur sentimentale et politique dont le cin\u00e9ma est parfois capable. <b>L.C.<\/b><\/p>\n<p class=\"sc-cPiKLX AiZTS text-element\">On l\u2019avait presque oubli\u00e9, l\u2019ann\u00e9e commen\u00e7ait avec <a href=\"https:\/\/www.liberation.fr\/culture\/the-brutal&lt;\/p&gt;&lt;\/div&gt;&lt;\/article&gt;&lt;\/div&gt;&lt;div data-fusion-lazy-id=\" f0f8vgvlad832fw=\"\" target=\"_blank\" rel=\"noopener\"><\/p>\n","protected":false},"excerpt":{"rendered":"Marseille, toute la d\u00e9cennie 90, les tubes de l\u2019\u00e2ge d\u2019or du ra\u00ef d\u2019Oran, l\u2019exil, l\u2019amour, l\u2019apprentissage, la lumi\u00e8re&hellip;\n","protected":false},"author":2,"featured_media":602970,"comment_status":"","ping_status":"","sticky":false,"template":"","format":"standard","meta":{"footnotes":""},"categories":[1354],"tags":[58,59,1346,1011,27,1360,11985,37434],"class_list":{"0":"post-602969","1":"post","2":"type-post","3":"status-publish","4":"format-standard","5":"has-post-thumbnail","7":"category-films","8":"tag-divertissement","9":"tag-entertainment","10":"tag-films","11":"tag-fr","12":"tag-france","13":"tag-movies","14":"tag-retro","15":"tag-tops-de-libe"},"share_on_mastodon":{"url":"https:\/\/pubeurope.com\/@fr\/115729257150372441","error":""},"_links":{"self":[{"href":"https:\/\/www.europesays.com\/fr\/wp-json\/wp\/v2\/posts\/602969","targetHints":{"allow":["GET"]}}],"collection":[{"href":"https:\/\/www.europesays.com\/fr\/wp-json\/wp\/v2\/posts"}],"about":[{"href":"https:\/\/www.europesays.com\/fr\/wp-json\/wp\/v2\/types\/post"}],"author":[{"embeddable":true,"href":"https:\/\/www.europesays.com\/fr\/wp-json\/wp\/v2\/users\/2"}],"replies":[{"embeddable":true,"href":"https:\/\/www.europesays.com\/fr\/wp-json\/wp\/v2\/comments?post=602969"}],"version-history":[{"count":0,"href":"https:\/\/www.europesays.com\/fr\/wp-json\/wp\/v2\/posts\/602969\/revisions"}],"wp:featuredmedia":[{"embeddable":true,"href":"https:\/\/www.europesays.com\/fr\/wp-json\/wp\/v2\/media\/602970"}],"wp:attachment":[{"href":"https:\/\/www.europesays.com\/fr\/wp-json\/wp\/v2\/media?parent=602969"}],"wp:term":[{"taxonomy":"category","embeddable":true,"href":"https:\/\/www.europesays.com\/fr\/wp-json\/wp\/v2\/categories?post=602969"},{"taxonomy":"post_tag","embeddable":true,"href":"https:\/\/www.europesays.com\/fr\/wp-json\/wp\/v2\/tags?post=602969"}],"curies":[{"name":"wp","href":"https:\/\/api.w.org\/{rel}","templated":true}]}}