{"id":602973,"date":"2025-12-16T12:33:12","date_gmt":"2025-12-16T12:33:12","guid":{"rendered":"https:\/\/www.europesays.com\/fr\/602973\/"},"modified":"2025-12-16T12:33:12","modified_gmt":"2025-12-16T12:33:12","slug":"apres-le-retrait-de-points-inflige-au-club-les-joueurs-de-dax-menacent-de-boycotter-le-match-a-grenoble-en-pro-d2-lequipe","status":"publish","type":"post","link":"https:\/\/www.europesays.com\/fr\/602973\/","title":{"rendered":"Apr\u00e8s le retrait de points inflig\u00e9 au club, les joueurs de Dax menacent de boycotter le match \u00e0 Grenoble en Pro D2 &#8211; L&#039;\u00c9quipe"},"content":{"rendered":"<ol>\n<li><a href=\"https:\/\/news.google.com\/rss\/articles\/CBMi8wFBVV95cUxNcC1VTTRRUHBiM1hXWXY3ZlVlVDJyc2hDSmhJQzBxdXlqdS1NeGJPbjNSOE8xVGxSM0RybHlQVmt6MXluTmE4THZkMWMtNnhXc1pMdGEzajZRUHo5LTgyQVd0em1uM1Vld3o2aVN1WlpDXzlEdkJUTEpHaFMySXBqOGRoRzBfcjE4b0FhcDdXWWhKMENDWDNEaWp3NHpZS2M3QjFORkxWNEltR3puV1NtOFl3c1daU245dklNNFdmSTRrLVkzaTV1aXFnTmhFSHNNVS1CckJscXRDNVVVMzhmbXhqcE5NcVQ3YURZeURMaVcwLVk?oc=5\" target=\"_blank\" rel=\"noopener\">Apr\u00e8s le retrait de points inflig\u00e9 au club, les joueurs de Dax menacent de boycotter le match \u00e0 Grenoble en Pro D2<\/a>&nbsp;&nbsp;L&rsquo;\u00c9quipe<\/li>\n<li><a href=\"https:\/\/news.google.com\/rss\/articles\/CBMizAFBVV95cUxQYVFwZHZKTzJ6Uk9kb2lDTHVscERvclYwZVUyTkN6S2R5QXFWaTFYb2xmRlFDQ0M0cEI1aG9ESVNIWFNwUkdYYjcwWlIyMWRaT04zZzZJNDRMbGlGTkhRMnRqbTNteXRzZl80d182OGdkNmNWZmdzNkpBTGNzbGVaYUdMY0NHU1NWbkM5YlBZV2NHMkcwTm9aME80SVlWWk9lb3RaSWtDeC1GekJjMklfbGNxNEE4ZW9XYUJKTUhJM3lyUi11T1FDQ1NzSFg?oc=5\" target=\"_blank\" rel=\"noopener\">Rugby &#8211; Pro D2. Apr\u00e8s le retrait de neuf points, les joueurs de Dax menacent de faire gr\u00e8ve contre le FCG<\/a>&nbsp;&nbsp;Le Dauphin\u00e9 Lib\u00e9r\u00e9<\/li>\n<li><a href=\"https:\/\/news.google.com\/rss\/articles\/CBMi7gFBVV95cUxQUGNMOVpGaXota1VGQkVpUFJzSVNlYTY5YU5nWFVNZ1dRb0hsQkxYVlltbzFVUVpnTFA2SVZYU3ZqZ29tUThNbHA5VWNGWUFELUUwRnJoWHkyMUFxOWUxX3JjQWNmQUZtUFlFUkZJTGZwSjBnbzNxYUFjWlpaSzBncnItRmVGYm1ndjY4MHlaSGJldkdVM1Fqa21xYllNcFpwMGF4ZXc1NXE0c1RVcDNfZjMxNW5WNER4Q0ZQaV9NQzlvcmNOS0xhTDhxVTZlb3ZYYk4wVG4welJQVW5ES2dsbUFtbklnbGg1czFlQXlR?oc=5\" target=\"_blank\" rel=\"noopener\">\u201cUne sanction extr\u00eamement lourde et assez incompr\u00e9hensible\u201d, r\u00e9agit Gufflet le pr\u00e9sident de Dax<\/a>&nbsp;&nbsp;Rugbyrama<\/li>\n<li><a href=\"https:\/\/news.google.com\/rss\/articles\/CBMiygFBVV95cUxQWVo0TjZ0UnotYXFhYXBVcmxONVQ3VHZoeElxSlJfSXNvb2FneHYyU1JmTkNTc0gyQ0lzb1lGalN5WV9LVmZscTB3b3JKendqRjAxRkotRW5SNEJRdEptam9TZmpVWVJkRXhEVFZtT2R0WEVTYk1NM2JIN2I1Yldfb2NfMGZvdmNCQkkyZ0tMalkxSS1UNXI2WGlCVGl6eGlqdkFqN1VBeWFpZmQ2MkV3M3Y5a0t1X3pDbFljMTNpZE13ZWhQVldrb2VR0gHIAUFVX3lxTE9aVzJ1dl9BTDRtV0VNaFlNWnlrSlBYb3daXzREZmJwbHhGdzBZa003RmZWYmpYSzJNS1Q0S1pEeVpuTmhpY3FCU1ZtX244WWZDNnJsTDFtYzZaeVNSRU1oT3g3ODBoeGlQc0c5MEt6MlE2VS1RRDFVSl8teDhYWmNUdXdMV1Y5MjExN0JsdDVsb29Xb2hBbmZLTmN4bTZHUEw1dFBCTVVXYkJDQlFEcldwdHJxXzlSVUFJMm4yZnBfeTFYUzRqZEda?oc=5\" target=\"_blank\" rel=\"noopener\">Pro D2 : Des retraits de points aussi pour Biarritz, B\u00e9ziers et Dax : Sports &#8211; Orange<\/a>&nbsp;&nbsp;Sports &#8211; Orange<\/li>\n<li><a href=\"https:\/\/news.google.com\/rss\/articles\/CBMi4AFBVV95cUxNeGNGLTMwTEFrVWhUcV9Ib3BsX0U1b1hRRjdVMDhHV2N6NkVLWlQ1WUdXbGR2VmxNUm16dUtETy1ValhUSjZ3MVdrUWh4Ymczdm9BNWwtYjlfeDZVMWU2aDJjelBVWkZMbXY1VjlHZTBmT1FsNGVNZXc4eGpYLU5lbndjclNjZFpWc1NTZ2plZnBuR1NLZVo3djgwY21OdE9aZWh2ZWluUDJLcW9laXlDZlQzTlNmMGJrNGNwUU5idzZ3a3kzVElZcGlhbi1ZOWJyZFg1cmw5NzFnUU41X3l0QQ?oc=5\" target=\"_blank\" rel=\"noopener\">US Dax : la Ville demande au pr\u00e9sident Gufflet la r\u00e9alisation d\u2019un audit financier en urgence<\/a>&nbsp;&nbsp;Sud Ouest<\/li>\n<\/ol>\n","protected":false},"excerpt":{"rendered":"Apr\u00e8s le retrait de points inflig\u00e9 au club, les joueurs de Dax menacent de boycotter le match \u00e0&hellip;\n","protected":false},"author":2,"featured_media":602974,"comment_status":"","ping_status":"","sticky":false,"template":"","format":"standard","meta":{"footnotes":""},"categories":[9],"tags":[1011,27,60],"class_list":{"0":"post-602973","1":"post","2":"type-post","3":"status-publish","4":"format-standard","5":"has-post-thumbnail","7":"category-sports","8":"tag-fr","9":"tag-france","10":"tag-sports"},"share_on_mastodon":{"url":"https:\/\/pubeurope.com\/@fr\/115729269292576024","error":""},"_links":{"self":[{"href":"https:\/\/www.europesays.com\/fr\/wp-json\/wp\/v2\/posts\/602973","targetHints":{"allow":["GET"]}}],"collection":[{"href":"https:\/\/www.europesays.com\/fr\/wp-json\/wp\/v2\/posts"}],"about":[{"href":"https:\/\/www.europesays.com\/fr\/wp-json\/wp\/v2\/types\/post"}],"author":[{"embeddable":true,"href":"https:\/\/www.europesays.com\/fr\/wp-json\/wp\/v2\/users\/2"}],"replies":[{"embeddable":true,"href":"https:\/\/www.europesays.com\/fr\/wp-json\/wp\/v2\/comments?post=602973"}],"version-history":[{"count":0,"href":"https:\/\/www.europesays.com\/fr\/wp-json\/wp\/v2\/posts\/602973\/revisions"}],"wp:featuredmedia":[{"embeddable":true,"href":"https:\/\/www.europesays.com\/fr\/wp-json\/wp\/v2\/media\/602974"}],"wp:attachment":[{"href":"https:\/\/www.europesays.com\/fr\/wp-json\/wp\/v2\/media?parent=602973"}],"wp:term":[{"taxonomy":"category","embeddable":true,"href":"https:\/\/www.europesays.com\/fr\/wp-json\/wp\/v2\/categories?post=602973"},{"taxonomy":"post_tag","embeddable":true,"href":"https:\/\/www.europesays.com\/fr\/wp-json\/wp\/v2\/tags?post=602973"}],"curies":[{"name":"wp","href":"https:\/\/api.w.org\/{rel}","templated":true}]}}