{"id":602975,"date":"2025-12-16T12:34:14","date_gmt":"2025-12-16T12:34:14","guid":{"rendered":"https:\/\/www.europesays.com\/fr\/602975\/"},"modified":"2025-12-16T12:34:14","modified_gmt":"2025-12-16T12:34:14","slug":"la-peluche-du-loup-mal-aime-star-de-la-pub-dintermarche-ne-sera-commercialisee-quen-2026-liberation","status":"publish","type":"post","link":"https:\/\/www.europesays.com\/fr\/602975\/","title":{"rendered":"La peluche du loup \u00abmal aim\u00e9\u00bb, star de la pub d\u2019Intermarch\u00e9, ne sera commercialis\u00e9e qu\u2019en\u00a02026 \u2013 Lib\u00e9ration"},"content":{"rendered":"<p class=\"sc-cPiKLX AiZTS text-element\">Il faudra encore attendre un peu pour pouvoir s\u2019endormir contre cette star des r\u00e9seaux sociaux. Intermarch\u00e9 ne commercialisera pas avant l\u2019ann\u00e9e prochaine la peluche de son loup, <a href=\"https:\/\/www.liberation.fr\/lifestyle\/consommation\/conte-de-noel-carton-mondial-dintermarche-on-double-le-discours-commercial-par-un-discours-moral-20251212_FYDCDIZVGJB4BHFNXQWJV4NAWA\/\" target=\"_blank\" rel=\"noopener\" title=\"https:\/\/www.liberation.fr\/lifestyle\/consommation\/conte-de-noel-carton-mondial-dintermarche-on-double-le-discours-commercial-par-un-discours-moral-20251212_FYDCDIZVGJB4BHFNXQWJV4NAWA\/\">vedette d\u2019une pub de No\u00ebl<\/a> qui a fait le tour du monde, a annonc\u00e9 lundi 15 d\u00e9cembre Thierry Cotillard, patron du Groupement Mousquetaires \/Intermarch\u00e9.<\/p>\n<p class=\"sc-cPiKLX AiZTS text-element\">\u00abOn savait que c\u2019\u00e9tait bon, mais de l\u00e0 \u00e0 faire le tour du monde&#8230;\u00bb s\u2019est r\u00e9joui le chef d\u2019entreprise, interview\u00e9 dans le journal de 20 heures de France 2. \u00abDans la semaine, on aura 1 milliard de vues\u00bb, a-t-il annonc\u00e9, se f\u00e9licitant d\u2019une \u00abLoup mania\u00bb.<\/p>\n<p class=\"sc-cPiKLX AiZTS text-element\">Dans le spot publicitaire sign\u00e9 du studio d\u2019animation fran\u00e7ais Illogic Studios, <a href=\"https:\/\/www.liberation.fr\/environnement\/biodiversite\/labaissement-de-la-protection-du-loup-en-europe-est-une-decision-politique-infondee-scientifiquement-20241203_MW2OHMVKAVD3LND2E6RX53FTCE\/\" target=\"_blank\" rel=\"noopener\" title=\"https:\/\/www.liberation.fr\/environnement\/biodiversite\/labaissement-de-la-protection-du-loup-en-europe-est-une-decision-politique-infondee-scientifiquement-20241203_MW2OHMVKAVD3LND2E6RX53FTCE\/\">un loup rejet\u00e9 par les autres animaux<\/a> auxquels il inspire la peur se met \u00e0 cuisiner des l\u00e9gumes pour se faire accepter, et finit par partager un repas de f\u00eates v\u00e9g\u00e9tarien avec eux. Les \u00e9coutes de la chanson le Mal-aim\u00e9 de Claude Fran\u00e7ois, qui accompagne le cheminement du loup, ont \u00e9t\u00e9 multipli\u00e9es par quatre depuis le lancement du spot publicitaire, selon le porte-parole du studio.<\/p>\n<p class=\"sc-cPiKLX AiZTS text-element\">La demande de produits d\u00e9riv\u00e9s et surtout de cette peluche du loup a pris le groupe de court. \u00abOn va pouvoir en produire une centaine d\u2019ici la fin de l\u2019ann\u00e9e\u00bb, a pr\u00e9cis\u00e9 Thierry Cotillard, qui les destine \u00ab\u00e0 des associations pour les enfants\u00bb. Pour la commercialisation, le responsable donne rendez-vous l\u2019ann\u00e9e prochaine : \u00ab<a href=\"https:\/\/www.liberation.fr\/lifestyle\/mode\/rouges-a-levres-bijoux-parfum-une-selection-de-cadeaux-de-noel-hotte-en-couleurs-20251206_ZOMWJOFAKRE7JGXIB63ALTNNQY\/\" target=\"_blank\" rel=\"noopener\" title=\"https:\/\/www.liberation.fr\/lifestyle\/mode\/rouges-a-levres-bijoux-parfum-une-selection-de-cadeaux-de-noel-hotte-en-couleurs-20251206_ZOMWJOFAKRE7JGXIB63ALTNNQY\/\">Au pied du sapin<\/a> en 2026, il y aura bien cette petite peluche made in France\u00bb ou de fabrication \u00abeurop\u00e9enne\u00bb. Une pr\u00e9cision d\u2019importance pour rester dans cet esprit de \u00abvictoire Cocorico\u00bb, pr\u00e9cise-t-il encore. \u00abOn a fait le choix justement d\u2019\u00eatre coh\u00e9rent et de ne pas importer \u00e7a de Chine.\u00bb<\/p>\n<p class=\"sc-cPiKLX AiZTS text-element\">C\u2019est que les contrefa\u00e7ons sont d\u00e9j\u00e0 l\u00e9gion. Dimanche d\u00e9j\u00e0, Intermarch\u00e9 avait mis en garde contre des ventes frauduleuses de peluches de son loup. \u00abAttention, soyez prudents, il y aura bien \u00e9videmment des arnaques, voire de la fraude. Intermarch\u00e9 ne va pas le commercialiser sur cette fin d\u2019ann\u00e9e\u00bb, a insist\u00e9 Thierry Cotillard.<\/p>\n<p class=\"sc-cPiKLX AiZTS text-element\">L\u2019enseigne a notamment signal\u00e9 aupr\u00e8s des autorit\u00e9s comp\u00e9tentes le site frauduleux le-mal-aime.fr, qui propose une peluche \u00e0 14,90 \u20ac \u00e0 commander avant le 17 d\u00e9cembre pour \u00eatre livr\u00e9 avant <a href=\"https:\/\/www.liberation.fr\/lifestyle\/consommation\/cest-grave-basique-mais-jen-ai-besoin-des-ados-nous-racontent-ce-quils-veulent-pour-noel-20251205_4AUQHXPTRVEFJESRF2J2OYDA2Q\/\" target=\"_blank\" rel=\"noopener\" title=\"https:\/\/www.liberation.fr\/lifestyle\/consommation\/cest-grave-basique-mais-jen-ai-besoin-des-ados-nous-racontent-ce-quils-veulent-pour-noel-20251205_4AUQHXPTRVEFJESRF2J2OYDA2Q\/\">les f\u00eates<\/a>, et qui reprend le logo de la marque de supermarch\u00e9s.<\/p>\n","protected":false},"excerpt":{"rendered":"Il faudra encore attendre un peu pour pouvoir s\u2019endormir contre cette star des r\u00e9seaux sociaux. Intermarch\u00e9 ne commercialisera&hellip;\n","protected":false},"author":2,"featured_media":602976,"comment_status":"","ping_status":"","sticky":false,"template":"","format":"standard","meta":{"footnotes":""},"categories":[8],"tags":[58,59,1011,27,15830],"class_list":{"0":"post-602975","1":"post","2":"type-post","3":"status-publish","4":"format-standard","5":"has-post-thumbnail","7":"category-divertissement","8":"tag-divertissement","9":"tag-entertainment","10":"tag-fr","11":"tag-france","12":"tag-noel"},"share_on_mastodon":{"url":"https:\/\/pubeurope.com\/@fr\/115729273628823241","error":""},"_links":{"self":[{"href":"https:\/\/www.europesays.com\/fr\/wp-json\/wp\/v2\/posts\/602975","targetHints":{"allow":["GET"]}}],"collection":[{"href":"https:\/\/www.europesays.com\/fr\/wp-json\/wp\/v2\/posts"}],"about":[{"href":"https:\/\/www.europesays.com\/fr\/wp-json\/wp\/v2\/types\/post"}],"author":[{"embeddable":true,"href":"https:\/\/www.europesays.com\/fr\/wp-json\/wp\/v2\/users\/2"}],"replies":[{"embeddable":true,"href":"https:\/\/www.europesays.com\/fr\/wp-json\/wp\/v2\/comments?post=602975"}],"version-history":[{"count":0,"href":"https:\/\/www.europesays.com\/fr\/wp-json\/wp\/v2\/posts\/602975\/revisions"}],"wp:featuredmedia":[{"embeddable":true,"href":"https:\/\/www.europesays.com\/fr\/wp-json\/wp\/v2\/media\/602976"}],"wp:attachment":[{"href":"https:\/\/www.europesays.com\/fr\/wp-json\/wp\/v2\/media?parent=602975"}],"wp:term":[{"taxonomy":"category","embeddable":true,"href":"https:\/\/www.europesays.com\/fr\/wp-json\/wp\/v2\/categories?post=602975"},{"taxonomy":"post_tag","embeddable":true,"href":"https:\/\/www.europesays.com\/fr\/wp-json\/wp\/v2\/tags?post=602975"}],"curies":[{"name":"wp","href":"https:\/\/api.w.org\/{rel}","templated":true}]}}