{"id":602977,"date":"2025-12-16T12:35:27","date_gmt":"2025-12-16T12:35:27","guid":{"rendered":"https:\/\/www.europesays.com\/fr\/602977\/"},"modified":"2025-12-16T12:35:27","modified_gmt":"2025-12-16T12:35:27","slug":"voici-nos-4-voitures-electriques-preferees-de-lannee-2025-parmi-31-modeles-frandroid","status":"publish","type":"post","link":"https:\/\/www.europesays.com\/fr\/602977\/","title":{"rendered":"Voici nos 4 voitures \u00e9lectriques pr\u00e9f\u00e9r\u00e9es de l\u2019ann\u00e9e 2025 parmi 31 mod\u00e8les \u2014 Frandroid"},"content":{"rendered":"<p>Lors de notre \u00e9mission Twitch Survolt\u00e9s sp\u00e9ciale fin d\u2019ann\u00e9e, nous avons d\u00e9voil\u00e9 nos 4 voitures \u00e9lectriques pr\u00e9f\u00e9r\u00e9es de 2025. Nous avons \u00e9galement class\u00e9 31 voitures \u00e9lectriques test\u00e9es ou lanc\u00e9es au cours de ce mill\u00e9sime. Voici la liste compl\u00e8te.<\/p>\n<p><a href=\"https:\/\/images.frandroid.com\/wp-content\/uploads\/2025\/12\/survoltes-award-2025.jpg\" target=\"_blank\" class=\"article-content__figure\" rel=\"noopener\"><img fetchpriority=\"high\" decoding=\"async\" loading=\"eager\" width=\"1200\" height=\"675\" src=\"https:\/\/www.europesays.com\/fr\/wp-content\/uploads\/2025\/12\/survoltes-award-2025.jpg\" alt=\"\" class=\"wp-image-2911409 wp-image wp-image\"  \/><\/a><\/p>\n<p>Mercredi 3 d\u00e9cembre 2025, <a href=\"https:\/\/www.frandroid.com\/survoltes\" target=\"_blank\" rel=\"noopener\">Survolt\u00e9s a organis\u00e9 une \u00e9mission Twitch tr\u00e8s sp\u00e9ciale<\/a>. Au programme : une Tier List g\u00e9ante visant \u00e0 classer une trentaine de voitures \u00e9lectriques test\u00e9es en 2025 et tri\u00e9es sur le volet par les journalistes de la r\u00e9daction.<\/p>\n<p>L\u2019objectif : classer 31 voitures \u00e9lectriques essay\u00e9es par nos soins (<a href=\"https:\/\/www.frandroid.com\/survoltes\" target=\"_blank\" rel=\"noopener\">Frandroid \/ Survolt\u00e9s<\/a> et <a target=\"_blank\" href=\"https:\/\/www.numerama.com\/\" rel=\"noopener\">Numerama \/ Vroom<\/a>), officialis\u00e9es ou commercialis\u00e9es en 2025 dans cinq cat\u00e9gories diff\u00e9rentes : coup de foudre, excellente, pas si mal, surcot\u00e9 et direct au recyclage.<\/p>\n<p><a href=\"https:\/\/images.frandroid.com\/wp-content\/uploads\/2025\/12\/on-a-classe-les-meilleures-et-les-pires-voitures-electriques-de-2025-32-modeles-compares-0-36-screenshot-1.jpg\" target=\"_blank\" rel=\"noopener\"><img loading=\"lazy\" decoding=\"async\" width=\"1200\" height=\"675\" src=\"https:\/\/www.europesays.com\/fr\/wp-content\/uploads\/2025\/12\/on-a-classe-les-meilleures-et-les-pires-voitures-electriques-de-2025-32-modeles-compares-0-36-screen.jpeg\" alt=\"\" class=\"wp-image-2911429 wp-image\"  \/><\/a><\/p>\n<p>Sur le plateau, quatre journalistes (Robin San Vicente et Rapha\u00eblle Baut de Numerama, Jean-Baptiste Passieux et Vincent Serg\u00e8re de Frandroid), entour\u00e9s de Gr\u00e9goire Huvelin, animateur et \u00ab juge \u00bb pour l\u2019occasion. La communaut\u00e9 pr\u00e9sente sur Twitch pouvait \u00e9galement voter pour chaque voiture \u00e9lectrique.<\/p>\n<p>Notre classement de 31 voitures \u00e9lectriques<\/p>\n<p>Vous pouvez bien \u00e9videmment visionner l\u2019\u00e9mission sur YouTube en replay pour prendre connaissances des d\u00e9bats (toujours aussi enflamm\u00e9s). Vous pouvez \u00e9galement voir les r\u00e9sultats directement sur l\u2019image ci-dessous.<\/p>\n<p>Pr\u00e9cisons que nous avons \u00e9t\u00e9 oblig\u00e9s de faire un choix pour faire rentrer une trentaine de voitures \u00e9lectriques dans le classement, afin de ne pas \u00e9terniser notre \u00e9mission. Il manque donc des mod\u00e8les que nous avons pu tester cette ann\u00e9e.<\/p>\n<p>Attention, il s\u2019agit d\u2019un classement l\u00e9g\u00e8rement biais\u00e9, puisque toutes les voitures de l\u2019ann\u00e9e n\u2019\u00e9taient pas pr\u00e9sentes (pour des raisons logistiques), et la subjectivit\u00e9 avait le droit d\u2019\u00eatre pr\u00e9sente lors de l\u2019\u00e9mission. Pour un avis plus objectif sur chaque voiture, n\u2019h\u00e9sitez pas \u00e0 consulter le test de chaque voiture en cliquant sur les liens ci-dessous.<\/p>\n<p><a href=\"https:\/\/images.frandroid.com\/wp-content\/uploads\/2025\/12\/survoltes-tier-list-final.jpg\" target=\"_blank\" class=\"article-content__figure\" rel=\"noopener\"><img loading=\"lazy\" decoding=\"async\" width=\"1200\" height=\"675\" src=\"https:\/\/www.europesays.com\/fr\/wp-content\/uploads\/2025\/12\/survoltes-tier-list-final-1200x675.jpg\" alt=\"\" class=\"wp-image-2910459 wp-image\"  \/><\/a>Notre classement Survolt\u00e9s 2025<\/p>\n<p>Pour r\u00e9capituler, voici les diff\u00e9rentes voitures class\u00e9es par cat\u00e9gorie :<\/p>\n<p><strong>Coup de foudre (cat\u00e9gorie S) :<\/strong> <a href=\"https:\/\/www.frandroid.com\/produits\/voitures\/skoda\/2063216-skoda-elroq\" target=\"_blank\" rel=\"noopener\">Skoda Elroq<\/a> ; <a href=\"https:\/\/www.frandroid.com\/produits\/voitures\/xpeng\/2023448-xpeng-g6\" target=\"_blank\" rel=\"noopener\">Xpeng G6 (2025)<\/a> ; <a href=\"https:\/\/www.frandroid.com\/produits\/voitures\/bmw\/2772253-bmw-ix3-2025\" target=\"_blank\" rel=\"noopener\">BMW iX3<\/a> ; <a href=\"https:\/\/www.frandroid.com\/produits\/voitures\/smart\/2550493-smart-5\" target=\"_blank\" rel=\"noopener\">Smart #5<\/a><\/p>\n<p><strong>Excellente (cat\u00e9gorie A) :<\/strong> <a href=\"https:\/\/www.frandroid.com\/produits\/voitures\/byd\/2624671-byd-dolphin-surf\" target=\"_blank\" rel=\"noopener\">BYD Dolphin Surf<\/a> ; <a href=\"https:\/\/www.frandroid.com\/produits\/voitures\/renault\/2815099-renault-twingo-e-tech-2025\" target=\"_blank\" rel=\"noopener\">Renault Twingo E-Tech<\/a> ; <a href=\"https:\/\/www.frandroid.com\/produits\/voitures\/nissan\/2621231-nissan-micra-2025\" target=\"_blank\" rel=\"noopener\">Nissan Micra<\/a> ; <a href=\"https:\/\/www.frandroid.com\/produits\/voitures\/tesla\/2828053-tesla-model-y-standard\" target=\"_blank\" rel=\"noopener\">Tesla Model Y Standard<\/a> ; <a href=\"https:\/\/www.frandroid.com\/produits\/voitures\/citroen\/2591757-citroen-e-c5-aircross\" target=\"_blank\" rel=\"noopener\">Citro\u00ebn \u00eb-C5 Aircross<\/a> ; <a href=\"https:\/\/www.frandroid.com\/produits\/voitures\/ds\/2433674-ds-n8\" target=\"_blank\" rel=\"noopener\">DS N\u00b08<\/a> ; <a href=\"https:\/\/www.frandroid.com\/produits\/voitures\/porsche\/2875883-porsche-cayenne\" target=\"_blank\" rel=\"noopener\">Porsche Cayenne<\/a> ; <a href=\"https:\/\/www.frandroid.com\/produits\/voitures\/tesla\/2828119-tesla-model-y-performance-2025\" target=\"_blank\" rel=\"noopener\">Tesla Model Y Performance<\/a> ; <a href=\"https:\/\/www.frandroid.com\/produits\/voitures\/mercedes-benz\/2792953-mercedes-benz-glc\" target=\"_blank\" rel=\"noopener\">Mercedes-Benz GLC<\/a> ; <a href=\"https:\/\/www.frandroid.com\/produits\/voitures\/mercedes-benz\/2610123-mercedes-benz-cla\" target=\"_blank\" rel=\"noopener\">Mercedes-Benz CLA<\/a><\/p>\n<p><strong>Pas si mal (cat\u00e9gorie B) :<\/strong> <a href=\"https:\/\/www.frandroid.com\/produits\/voitures\/renault\/2366010-renault-4-e-tech\" target=\"_blank\" rel=\"noopener\">Renault 4 E-Tech<\/a> ; <a href=\"https:\/\/www.frandroid.com\/produits\/voitures\/ford\/2422994-ford-puma-gen-e\" target=\"_blank\" rel=\"noopener\">Ford Puma Gen-E<\/a> ; <a href=\"https:\/\/www.frandroid.com\/produits\/voitures\/mg\/2610099-mgs5-ev\" target=\"_blank\" rel=\"noopener\">MG MGS5<\/a> ; <a href=\"https:\/\/www.frandroid.com\/produits\/voitures\/nissan\/2653145-nissan-leaf-2026\" target=\"_blank\" rel=\"noopener\">Nissan Leaf<\/a> ; <a href=\"https:\/\/www.frandroid.com\/produits\/voitures\/lancia\/1939532-lancia-ypsilon\" target=\"_blank\" rel=\"noopener\">Lancia Ypsilon HF<\/a> ; <a href=\"https:\/\/www.frandroid.com\/marques\/mazda\" target=\"_blank\" rel=\"noopener\">Mazda 6E<\/a> ; <a href=\"https:\/\/www.frandroid.com\/produits\/voitures\/alpine\/2364770-alpine-a390\" target=\"_blank\" rel=\"noopener\">Alpine A390<\/a><\/p>\n<p>                <img decoding=\"async\" width=\"1200\" height=\"446\" loading=\"lazy\" alt=\"Box Zendure Christmas\" title=\"Box Zendure Christmas\" class=\"is-radiusless placeholder-default wp-image\" src=\"https:\/\/www.europesays.com\/fr\/wp-content\/uploads\/2025\/12\/box-zendure-christmas-1200x446.jpg\" \/>            <\/p>\n<p>\n                    Pr\u00e8s de 1 000 \u20ac de remise sur ce kit Zendure !                <\/p>\n<p class=\"has-text-weight-medium is-size-6 is-line-height-normal\">\n                    Avec le SolarFlow 2400 AC et ses deux batteries AB3000X, alimentez votre maison jour et nuit. Une solution plug &amp; play ultra performante, \u00e0 2038 \u20ac en ce moment au lieu de 2 997 \u20ac !&#13;\n                <\/p>\n<p><strong>Surc\u00f4t\u00e9 (cat\u00e9gorie C) :<\/strong> <a href=\"https:\/\/www.frandroid.com\/produits\/voitures\/dacia\/1940772-dacia-spring-2024\" target=\"_blank\" rel=\"noopener\">Dacia Spring (2025)<\/a> ; <a href=\"https:\/\/www.frandroid.com\/produits\/voitures\/citroen\/1835333-citroen-e-c3\" target=\"_blank\" rel=\"noopener\">Citro\u00ebn \u00cb-C3 (30 kWh)<\/a> ; <a href=\"https:\/\/www.frandroid.com\/produits\/voitures\/fiat\/2078750-fiat-grande-panda\" target=\"_blank\" rel=\"noopener\">Fiat Grande Panda<\/a> ; <a href=\"https:\/\/www.frandroid.com\/produits\/voitures\/leapmotor\/2383422-leapmotor-b10\" target=\"_blank\" rel=\"noopener\">Leapmotor B10<\/a> ; <a href=\"https:\/\/www.frandroid.com\/produits\/voitures\/kia\/2524499-kia-ev4\" target=\"_blank\" rel=\"noopener\">Kia EV4<\/a> ; <a href=\"https:\/\/www.frandroid.com\/produits\/voitures\/peugeot\/1638339-peugeot-e-308\" target=\"_blank\" rel=\"noopener\">Peugeot E-308<\/a> ; <a href=\"https:\/\/www.frandroid.com\/produits\/voitures\/polestar\/2016776-polestar-5\" target=\"_blank\" rel=\"noopener\">Polestar 5<\/a><\/p>\n<p><strong>Direct au recyclage (cat\u00e9gorie D) :<\/strong> <a href=\"https:\/\/www.frandroid.com\/produits\/voitures\/byd\/2501575-byd-atto-2\" target=\"_blank\" rel=\"noopener\">BYD Atto 2<\/a> ; <a href=\"https:\/\/www.frandroid.com\/produits\/voitures\/renault\/1515362-renault-5-electrique\" target=\"_blank\" rel=\"noopener\">Renault 5 E-Tech Five<\/a> ; <a href=\"https:\/\/www.frandroid.com\/produits\/voitures\/ds\/2610037-ds-n4-e-tense\" target=\"_blank\" rel=\"noopener\">DS N\u00b04<\/a><\/p>\n<p>On passe maintenant \u00e0 la fin de l\u2019\u00e9mission o\u00f9 nos quatre journalistes ont \u00e9lu leur voiture \u00e9lectrique pr\u00e9f\u00e9r\u00e9e de l\u2019ann\u00e9e 2025.<\/p>\n<p>La meilleure voiture \u00e9lectrique 2025 selon Robin San Vicente<\/p>\n<p>Il aura fallu attendre le restylage \u00ab\u00a0Juniper\u00a0\u00bb pour que le <a href=\"https:\/\/www.frandroid.com\/produits\/voitures\/tesla\/2828119-tesla-model-y-performance-2025\" target=\"_blank\" rel=\"noopener\">Tesla Model Y Performance<\/a> devienne enfin la voiture ultime aux yeux de Robin San Vicente. C\u2019est simple : Tesla a corrig\u00e9 tout ce qui n\u2019allait pas, sans toucher \u00e0 ce qui faisait sa force.<\/p>\n<p><a href=\"https:\/\/images.frandroid.com\/wp-content\/uploads\/2025\/12\/4-2.jpg\" target=\"_blank\" class=\"article-content__figure\" rel=\"noopener\"><img loading=\"lazy\" decoding=\"async\" width=\"1200\" height=\"675\" src=\"https:\/\/www.europesays.com\/fr\/wp-content\/uploads\/2025\/12\/4-2-1200x675.jpg\" alt=\"\" class=\"wp-image-2910379 wp-image\"  \/><\/a><\/p>\n<p>Fini les suspensions tape-cul : le confort est enfin au niveau d\u2019une familiale europ\u00e9enne. L\u2019insonorisation a fait un bond de g\u00e9ant gr\u00e2ce au vitrage acoustique int\u00e9gral et l\u2019ajout de l\u2019\u00e9cran \u00e0 l\u2019arri\u00e8re permet enfin de calmer les enfants sur les longs trajets.<\/p>\n<p>Avec une puissance d\u00e9moniaque, un r\u00e9seau de Superchargeurs toujours aussi fiable et un tarif qui reste imbattable face \u00e0 la concurrence premium allemande, c\u2019est le choix de l\u2019efficacit\u00e9 absolue.<\/p>\n<p>La meilleure voiture \u00e9lectrique 2025 selon Rapha\u00eblle Baut<\/p>\n<p>Si la R5 \u00e9tait le coup de c\u0153ur de l\u2019an dernier, la <a href=\"https:\/\/www.frandroid.com\/produits\/voitures\/renault\/2366010-renault-4-e-tech\" target=\"_blank\" rel=\"noopener\">Renault 4 E-Tech<\/a> est la confirmation du savoir-faire de Renault. Pour Rapha\u00eblle Baut, c\u2019est la voiture \u00e0 vivre par excellence, celle qu\u2019on n\u2019a pas peur de salir et d\u2019emmener partout.<\/p>\n<p><a href=\"https:\/\/images.frandroid.com\/wp-content\/uploads\/2025\/12\/3-3.jpg\" target=\"_blank\" class=\"article-content__figure\" rel=\"noopener\"><img loading=\"lazy\" decoding=\"async\" width=\"1200\" height=\"675\" src=\"https:\/\/www.europesays.com\/fr\/wp-content\/uploads\/2025\/12\/3-3-1200x675.jpg\" alt=\"\" class=\"wp-image-2910377 wp-image\"  \/><\/a><\/p>\n<p>Plus logeable que la R5, elle corrige ses petits d\u00e9fauts de jeunesse avec l\u2019arriv\u00e9e tant attendue du \u00ab\u00a0One Pedal\u00a0\u00bb et une habitabilit\u00e9 bien meilleure pour les familles.<\/p>\n<p>Son look de baroudeuse n\u2019est pas que de la frime, surtout avec le toit ouvrant en toile qui rappelle les belles heures de la 4L \u00ab\u00a0Plein Air\u00a0\u00bb. C\u2019est une voiture attachante, pratique, et qui ne se prend pas trop au s\u00e9rieux.<\/p>\n<p>La meilleure voiture \u00e9lectrique 2025 selon Jean-Baptiste Passieux<\/p>\n<p>Jean-Baptiste Passieux attendait le tournant technologique de BMW depuis des ann\u00e9es, et le <a href=\"https:\/\/www.frandroid.com\/produits\/voitures\/bmw\/2772253-bmw-ix3-2025\" target=\"_blank\" rel=\"noopener\">BMW iX3<\/a> bas\u00e9 sur la plateforme \u00ab\u00a0Neue Klasse\u00a0\u00bb ne d\u00e9\u00e7oit pas. On oublie les mod\u00e8les thermiques reconvertis \u00e0 la va-vite : ici, tout est pens\u00e9 pour l\u2019\u00e9lectrique.<\/p>\n<p><a href=\"https:\/\/images.frandroid.com\/wp-content\/uploads\/2025\/12\/2-2.jpg\" target=\"_blank\" class=\"article-content__figure\" rel=\"noopener\"><img loading=\"lazy\" decoding=\"async\" width=\"1200\" height=\"675\" src=\"https:\/\/www.europesays.com\/fr\/wp-content\/uploads\/2025\/12\/2-2-1200x675.jpg\" alt=\"\" class=\"wp-image-2910375 wp-image\"  \/><\/a><\/p>\n<p>Le tour de force, c\u2019est cette architecture 800 volts qui permet enfin de charger aussi vite que les Cor\u00e9ennes, avec un 10 \u00e0 80 % exp\u00e9di\u00e9 en 20 minutes. Ajoutez \u00e0 cela l\u2019affichage t\u00eate haute panoramique qui s\u2019\u00e9tend sur toute la largeur du pare-brise (le fameux Panoramic Vision) et une efficience redoutable qui permet de d\u00e9passer les 800 km d\u2019autonomie, et vous avez probablement la nouvelle r\u00e9f\u00e9rence technique du segment.<\/p>\n<p>Les futures BMW \u00e9lectriques reposeront sur cette nouvelle plateforme, ce qui est de bonne augure pour la suite.<\/p>\n<p>La meilleure voiture \u00e9lectrique 2025 selon Vincent Serg\u00e8re<\/p>\n<p>On ne va pas se mentir, c\u2019est le choix du porte-monnaie, mais aussi du c\u0153ur. La <a href=\"https:\/\/www.frandroid.com\/produits\/voitures\/renault\/2815099-renault-twingo-e-tech-2025\" target=\"_blank\" rel=\"noopener\">Renault Twingo E-Tech<\/a> est la preuve qu\u2019on peut faire une voiture \u00e9lectrique d\u00e9sirable, fun et utilisable au quotidien pour moins de 20 000 euros, sans rogner sur l\u2019essentiel.<\/p>\n<p><a href=\"https:\/\/images.frandroid.com\/wp-content\/uploads\/2025\/12\/1-1.jpg\" target=\"_blank\" class=\"article-content__figure\" rel=\"noopener\"><img loading=\"lazy\" decoding=\"async\" width=\"1200\" height=\"675\" src=\"https:\/\/www.europesays.com\/fr\/wp-content\/uploads\/2025\/12\/1-1-1200x675.jpg\" alt=\"\" class=\"wp-image-2910373 wp-image\"  \/><\/a><\/p>\n<p>Renault a r\u00e9ussi le pari fou de ressusciter la bouille de la grenouille de 1993 tout en livrant une efficience record (autour de 10 kWh\/100 km !). C\u2019est la voiture parfaite pour le quotidien : elle braque dans un mouchoir de poche, elle consomme rien, et elle a 3 portes. C\u2019est la fin de l\u2019\u00e9litisme dans l\u2019\u00e9lectrique, et rien que pour \u00e7a, c\u2019est ma voiture de l\u2019ann\u00e9e.<\/p>\n<p>Les autres voitures \u00e9lectriques de l\u2019ann\u00e9e 2025<\/p>\n<p>Pour aller plus loin que cette tier list, vous pouvez consulter les essais de ces diff\u00e9rentes voitures sur Frandroid.<\/p>\n<p>Si vous cherchez la meilleure voiture \u00e9lectrique \u00e0 acheter en 2025, <a href=\"https:\/\/www.frandroid.com\/guide-dachat\/guides-dachat-survoltes\/guides-dachat-voitures\/1032457_comparatif-meilleures-voitures-electriques-a-choisir\" target=\"_blank\" rel=\"noopener\">cette liste argument\u00e9e devrait vous \u00eatre utile<\/a>.<\/p>\n<p>Besoin d\u2019espace avec un SUV ? <a href=\"https:\/\/www.frandroid.com\/guide-dachat\/guides-dachat-survoltes\/guides-dachat-voitures\/1109069_comparatif-meilleurs-suv-electriques\" target=\"_blank\" rel=\"noopener\">Notre papier sp\u00e9cialement tourn\u00e9 autour de ces grands bestiaux devrait vous int\u00e9resser<\/a>.<\/p>\n<p>Si vous voulez la voiture \u00e9lectrique au meilleur rapport prix \/ autonomie, <a href=\"https:\/\/www.frandroid.com\/guide-dachat\/guides-dachat-survoltes\/guides-dachat-voitures\/1460388_voiture-electrique-et-autonomie-notre-selection-des-cinq-meilleurs-rapport-qualite-prix\" target=\"_blank\" rel=\"noopener\">nous avons une liste pour vous<\/a>.<\/p>\n<p>Et on se donne rendez-vous pour la prochaine \u00e9mission Twitch Survolt\u00e9s qui aura lieu d\u00e9but janvier 2026, avec une \u00e9mission sp\u00e9ciale pour d\u00e9briefer les annonces du CES de Las Vegas.<\/p>\n<p>En attendant, toute l\u2019\u00e9quipe de Survolt\u00e9s vous souhaite de bonnes f\u00eates de fin d\u2019ann\u00e9e.<\/p>\n","protected":false},"excerpt":{"rendered":"Lors de notre \u00e9mission Twitch Survolt\u00e9s sp\u00e9ciale fin d\u2019ann\u00e9e, nous avons d\u00e9voil\u00e9 nos 4 voitures \u00e9lectriques pr\u00e9f\u00e9r\u00e9es de&hellip;\n","protected":false},"author":2,"featured_media":602978,"comment_status":"","ping_status":"","sticky":false,"template":"","format":"standard","meta":{"footnotes":""},"categories":[7],"tags":[21169,1011,27,43,40,41,39,42,44],"class_list":{"0":"post-602977","1":"post","2":"type-post","3":"status-publish","4":"format-standard","5":"has-post-thumbnail","7":"category-sciences-et-technologies","8":"tag-emission-survoltes","9":"tag-fr","10":"tag-france","11":"tag-science","12":"tag-science-and-technology","13":"tag-sciences","14":"tag-sciences-et-technologies","15":"tag-technologies","16":"tag-technology"},"share_on_mastodon":{"url":"https:\/\/pubeurope.com\/@fr\/115729279323080713","error":""},"_links":{"self":[{"href":"https:\/\/www.europesays.com\/fr\/wp-json\/wp\/v2\/posts\/602977","targetHints":{"allow":["GET"]}}],"collection":[{"href":"https:\/\/www.europesays.com\/fr\/wp-json\/wp\/v2\/posts"}],"about":[{"href":"https:\/\/www.europesays.com\/fr\/wp-json\/wp\/v2\/types\/post"}],"author":[{"embeddable":true,"href":"https:\/\/www.europesays.com\/fr\/wp-json\/wp\/v2\/users\/2"}],"replies":[{"embeddable":true,"href":"https:\/\/www.europesays.com\/fr\/wp-json\/wp\/v2\/comments?post=602977"}],"version-history":[{"count":0,"href":"https:\/\/www.europesays.com\/fr\/wp-json\/wp\/v2\/posts\/602977\/revisions"}],"wp:featuredmedia":[{"embeddable":true,"href":"https:\/\/www.europesays.com\/fr\/wp-json\/wp\/v2\/media\/602978"}],"wp:attachment":[{"href":"https:\/\/www.europesays.com\/fr\/wp-json\/wp\/v2\/media?parent=602977"}],"wp:term":[{"taxonomy":"category","embeddable":true,"href":"https:\/\/www.europesays.com\/fr\/wp-json\/wp\/v2\/categories?post=602977"},{"taxonomy":"post_tag","embeddable":true,"href":"https:\/\/www.europesays.com\/fr\/wp-json\/wp\/v2\/tags?post=602977"}],"curies":[{"name":"wp","href":"https:\/\/api.w.org\/{rel}","templated":true}]}}