{"id":602981,"date":"2025-12-16T12:38:18","date_gmt":"2025-12-16T12:38:18","guid":{"rendered":"https:\/\/www.europesays.com\/fr\/602981\/"},"modified":"2025-12-16T12:38:18","modified_gmt":"2025-12-16T12:38:18","slug":"guerre-en-ukraine-ne-pariez-pas-sur-trump-par-bernard-guetta-liberation","status":"publish","type":"post","link":"https:\/\/www.europesays.com\/fr\/602981\/","title":{"rendered":"Guerre en Ukraine : ne pariez pas sur Trump, par Bernard Guetta &#8211; Lib\u00e9ration"},"content":{"rendered":"<ol>\n<li><a href=\"https:\/\/news.google.com\/rss\/articles\/CBMi4gFBVV95cUxPVk5rTXVsWGN1MGZNYXh1aWxPcXhxdnRtOXc5VFFEVUpRN2tfSmU5VDJlcE5Va2wzWG0wMkVjdXZIb1piMWxZd2dtSk53NkNLOWZhOWNTQ2FyQUdacnN3QzJ2UE50bTRHY0F4Q010NUpNNm9kclFWN29JZFBpUnJfRmZWVC1ZWXdwVnhCMk9oTThyOVNLOEJRN0lVbjIwSFc4N09ZV1Y5MlhRek1sY3JjX2ptTV9QVUF6SDJVc05YMWNjRHYyTEd5UjUyUTZqQW4xSF8wVVJWblBUamN0c2lQbEd3?oc=5\" target=\"_blank\" rel=\"noopener\">Guerre en Ukraine : ne pariez pas sur Trump, par Bernard Guetta<\/a>&nbsp;&nbsp;Lib\u00e9ration<\/li>\n<li><a href=\"https:\/\/news.google.com\/rss\/articles\/CBMivAFBVV95cUxOS1JJUnpXWjF5S0Zpc0dyV2ZuUElaTk5keFlXYmZTSXlLOXJ4cjc5eFk4Rk9SbXVWUXlQTjJvM0N6QnRaN00yeW9qRW9idnFwX0tUUy1yTE1BbUt0eDF2QVNrRy1WZG5DLWZfMHVkY18zbVF3bFRsTTZsWEJhWDg3a1RaSGpDdXhGU1VVSlJGREFWbmV1QTRZcGE0RGJDa25DWWxxcmJ3dTFtMDN0MkplOVZmeHR0ZTdqV19FZg?oc=5\" target=\"_blank\" rel=\"noopener\">Ukraine, Russie, Europe : comment Donald Trump n\u00e9gocie \u00e0 trois bandes<\/a>&nbsp;&nbsp;Le Point<\/li>\n<li><a href=\"https:\/\/news.google.com\/rss\/articles\/CBMi8gFBVV95cUxNZHRrVndNVlFNMXhwbGczOXlwUDhySE9RQUZVWmJrWjNCYWhKVXkwOTFOaVprLXVXMmV6SXg5OEdOb2hsdS1PekxoblJqUFZiYzNsTklGSW02dS16MC1QdmlWY3R1c2htdUJ0S1lVdlNueXk4VG5fQlB1ZHkxeDVyQnVSa213Zl9idWxYNWhnTUxkal84dE1nYkNqZ2RVSWM3TlhBOXBKXzJvS09BeHdIdUx5bTZqMXctTm1JcncxcHVfTEdjeEcyY1BkY3pQX3FHdnQ1YkE2dXBrYVJyU0F1QmtDaENreEpreVdRS1U1LTNfZw?oc=5\" target=\"_blank\" rel=\"noopener\">Les n\u00e9gociations de paix en Ukraine cachent-elles un accord commercial ?<\/a>&nbsp;&nbsp;Franceinfo<\/li>\n<li><a href=\"https:\/\/news.google.com\/rss\/articles\/CBMi2wFBVV95cUxOOFlZdHEtalZ2VFBtN1J2d3VBdVg4SWdkbEdQbFhGbnQ4N1NhRHdYX1JmQl9lYWZYUVlUX1RaYmt4UEI1Vms0UUtVWGltVXQ1MjVob2ZocGtkMktyd2RIRThGVHFzT1p2MWFxa1hXN3BWZGE3VDNkZU1ndW1pN2ZnU0hrenVfNXA1T1FQT1JCX0pKUi1vNU9vbGRvTGEzMnN1c2EzMXdsRUNwUjU2TmJwRnZybTV6aUNqSi1YN2RqQkZrNlZQbi1CdkFwRW81ZkVrbko3WkZGQVhybEk?oc=5\" target=\"_blank\" rel=\"noopener\">Terres rares et hydrocarbures: la fin de la guerre en Ukraine, une aubaine \u00e9conomique&#8230; selon les \u00c9tats-Unis<\/a>&nbsp;&nbsp;magazine GEO<\/li>\n<li><a href=\"https:\/\/news.google.com\/rss\/articles\/CBMi3wFBVV95cUxOenI2LXhtY2xkR0FLNzJNNWE4SEF5V0xOVGlSbFdzQWlqMnMtVzQ1LXY3VDRvSnhzVWZtZ1JVdF9XWnhSU2ZlUnVOUVFjQ1V4dXZOY05aZ1dRZ0M1Z1hHZ2kwX2V2bmEzVzQyM1JWbW9Hai1PTGNsaF9qWkh5R04yMDJBeUVkdGJSSE1BaFZ3TzJHNDl2RnZtaXlRc01ueG8yc1BGemxpTDY2NFlzNkN3Z0dILUQ1TkFtNTdQN25WVnpKSE1Qdk1rYVdRNjRXRWhvUGdfYUhjZUdqbTBGUDhj?oc=5\" target=\"_blank\" rel=\"noopener\">Guerre en Ukraine : ces annexes secr\u00e8tes du plan de paix de Donald Trump qui inqui\u00e8tent les Europ\u00e9ens<\/a>&nbsp;&nbsp;Le Figaro<\/li>\n<\/ol>\n","protected":false},"excerpt":{"rendered":"Guerre en Ukraine : ne pariez pas sur Trump, par Bernard Guetta&nbsp;&nbsp;Lib\u00e9ration Ukraine, Russie, Europe : comment Donald&hellip;\n","protected":false},"author":2,"featured_media":602982,"comment_status":"","ping_status":"","sticky":false,"template":"","format":"standard","meta":{"footnotes":""},"categories":[5],"tags":[11,75,73,1011,27,14,12,220,297,134,28],"class_list":{"0":"post-602981","1":"post","2":"type-post","3":"status-publish","4":"format-standard","5":"has-post-thumbnail","7":"category-international","8":"tag-actualites","9":"tag-donald-trump","10":"tag-etats-unis","11":"tag-fr","12":"tag-france","13":"tag-international","14":"tag-news","15":"tag-ukraine","16":"tag-ukraine-la-crise","17":"tag-volodymyr-zelensky","18":"tag-world"},"share_on_mastodon":{"url":"https:\/\/pubeurope.com\/@fr\/115729288622193777","error":""},"_links":{"self":[{"href":"https:\/\/www.europesays.com\/fr\/wp-json\/wp\/v2\/posts\/602981","targetHints":{"allow":["GET"]}}],"collection":[{"href":"https:\/\/www.europesays.com\/fr\/wp-json\/wp\/v2\/posts"}],"about":[{"href":"https:\/\/www.europesays.com\/fr\/wp-json\/wp\/v2\/types\/post"}],"author":[{"embeddable":true,"href":"https:\/\/www.europesays.com\/fr\/wp-json\/wp\/v2\/users\/2"}],"replies":[{"embeddable":true,"href":"https:\/\/www.europesays.com\/fr\/wp-json\/wp\/v2\/comments?post=602981"}],"version-history":[{"count":0,"href":"https:\/\/www.europesays.com\/fr\/wp-json\/wp\/v2\/posts\/602981\/revisions"}],"wp:featuredmedia":[{"embeddable":true,"href":"https:\/\/www.europesays.com\/fr\/wp-json\/wp\/v2\/media\/602982"}],"wp:attachment":[{"href":"https:\/\/www.europesays.com\/fr\/wp-json\/wp\/v2\/media?parent=602981"}],"wp:term":[{"taxonomy":"category","embeddable":true,"href":"https:\/\/www.europesays.com\/fr\/wp-json\/wp\/v2\/categories?post=602981"},{"taxonomy":"post_tag","embeddable":true,"href":"https:\/\/www.europesays.com\/fr\/wp-json\/wp\/v2\/tags?post=602981"}],"curies":[{"name":"wp","href":"https:\/\/api.w.org\/{rel}","templated":true}]}}