{"id":602985,"date":"2025-12-16T12:42:14","date_gmt":"2025-12-16T12:42:14","guid":{"rendered":"https:\/\/www.europesays.com\/fr\/602985\/"},"modified":"2025-12-16T12:42:14","modified_gmt":"2025-12-16T12:42:14","slug":"une-personne-manque-a-lappel-les-recherches-ont-repris-annonce-laurent-nunez","status":"publish","type":"post","link":"https:\/\/www.europesays.com\/fr\/602985\/","title":{"rendered":"une personne \u00abmanque \u00e0 l\u2019appel\u00bb, les recherches ont repris, annonce Laurent Nunez"},"content":{"rendered":"<p>\n    Deux enfants, \u00e2g\u00e9s de trois et cinq ans, sont morts dans l\u2019accident survenu lundi apr\u00e8s-midi.<\/p>\n<p class=\"fig-paragraph\">Une personne est toujours recherch\u00e9e apr\u00e8s l\u2019<a href=\"http:\/\/www.lefigaro.fr\/lyon\/ce-sont-des-enfants-de-la-classe-de-mon-fils-je-ne-sais-pas-comment-je-vais-lui-dire-trevoux-sous-le-choc-apres-l-explosion-qui-a-tue-mathieu-et-thomas-20251215\" target=\"_blank\" data-fig-type=\"NewsFlash\" rel=\"noopener nofollow\" data-gtm-custom-categorie=\"navigation\" data-gtm-custom-action=\"crossclick\" data-gtm-custom-label=\"Contextuel\" data-gtm-event=\"customEventSPE\" data-fig-domain=\"LEFIGARO\">explosion d\u2019un immeuble d\u2019habitation \u00e0 Tr\u00e9voux<\/a>, dans l\u2019Ain, lundi apr\u00e8s-midi, a annonc\u00e9 ce mardi 16 d\u00e9cembre le ministre de l\u2019Int\u00e9rieur Laurent Nunez sur place.<\/p>\n<p class=\"fig-paragraph\">\u00abIl y a une personne qui manque \u00e0 l\u2019appel, qui \u00e9tait probablement occupante d\u2019un des logements. Ce sont les \u00e9quipes cyno(philes) qui sont en recherche actuellement\u00bb, a-t-il dit \u00e0 la presse lors d\u2019une visite sur place. Deux enfants, \u00e2g\u00e9s de trois et cinq ans, sont morts dans l\u2019accident. Et 53 personnes \u00abont \u00e9t\u00e9 impliqu\u00e9es, ont \u00e9t\u00e9 choqu\u00e9es dans ce drame\u00bb, a-t-il ajout\u00e9. Les deux gar\u00e7ons, des fr\u00e8res de 3 et 5 ans, ont \u00e9t\u00e9 sortis des d\u00e9combres en arr\u00eat cardio-respiratoire mais n\u2019ont pas pu \u00eatre ranim\u00e9s, selon une source au sein des secours.<\/p>\n<p>                                            <a class=\"fig-a11y-skip\" href=\"#fig-a11y-skip-main-inarticle\" data-module=\"a11y-skip\" data-context=\"was @visible\"><br \/>\n    Passer la publicit\u00e9<br \/>\n<\/a>            <\/p>\n<p class=\"fig-paragraph\">Un peu plus t\u00f4t, le maire de Tr\u00e9voux Marc P\u00e9choux avait mentionn\u00e9 des personnes \u00abdont on n\u2019a pas forc\u00e9ment de nouvelles. Mais rien ne dit qu\u2019elles \u00e9taient dans leur appartement\u00bb, avait-il soulign\u00e9 devant la presse.<\/p>\n<p>                                            \u00ab Tous ses habitants ont \u00e9t\u00e9 \u00e9vacu\u00e9s et ils ne pourront pas le r\u00e9int\u00e9grer dans l\u2019imm\u00e9diat\u00a0\u00bb<\/p>\n<p class=\"fig-paragraph\"><a href=\"http:\/\/www.lefigaro.fr\/actualite-france\/explosion-mortelle-dans-l-ain-qu-est-ce-que-le-plan-novi-declenche-par-la-prefecture-20251215\" data-fig-type=\"NewsFlash\" data-gtm-custom-categorie=\"navigation\" data-gtm-custom-action=\"crossclick\" data-gtm-custom-label=\"Contextuel\" data-gtm-event=\"customEventSPE\" data-fig-domain=\"LEFIGARO\" rel=\"nofollow noopener\" target=\"_blank\">L\u2019explosion<\/a>, survenue vers 17h30, au rez-de-chauss\u00e9e d\u2019un immeuble d\u2019habitation, a tu\u00e9 deux jeunes enfants et fait \u00abune dizaine de bless\u00e9s en urgence relative\u00bb, selon le ministre. \u00abSur les motifs de cette explosion, il y a une enqu\u00eate qui est en cours\u00bb, et les investigations sont men\u00e9es par les gendarmes sous l\u2019\u00e9gide du parquet de Bourg-en-Bresse, a-t-il d\u00e9clar\u00e9, refusant d\u2019en dire davantage.<\/p>\n<p class=\"fig-paragraph\">Le maire de Tr\u00e9voux, Marc P\u00e9choux, a \u00e9voqu\u00e9 devant la presse la piste d\u2019une explosion due au gaz, mais le parquet a soulign\u00e9 dans un communiqu\u00e9 qu\u2019\u00e0 ce stade, les causes exactes n\u2019\u00e9taient \u00abpas encore d\u00e9termin\u00e9es avec certitude\u00bb. Le ministre a salu\u00e9 l\u2019action des pompiers, notamment de deux officiers qui sont intervenus en civil en dehors de leur service et \u00abqui ont \u00e9t\u00e9 les premiers \u00e0 pratiquer les gestes de secours, notamment sur les deux jeunes enfants\u00bb.<\/p>\n<p class=\"fig-paragraph\"><a href=\"https:\/\/video.lefigaro.fr\/figaro\/faits-divers\/explosion-mortelle-dans-l-ain-une-personne-qui-manque-a-l-appel-deplore-laurent-nunez-20251216\" data-fig-type=\"Video\" data-gtm-custom-categorie=\"navigation\" data-gtm-custom-action=\"crossclick\" data-gtm-custom-label=\"Contextuel\" data-gtm-event=\"customEventSPE\" data-fig-domain=\"LEFIGARO\" rel=\"nofollow noopener\" target=\"_blank\">Laurent Nu\u00f1ez<\/a>, venu pour t\u00e9moigner du \u00absoutien\u00bb et de \u00abla compassion du gouvernement\u00bb, a \u00e9galement \u00absalu\u00e9 un habitant de l\u2019immeuble qui a jou\u00e9 un r\u00f4le important pour proc\u00e9der aux \u00e9vacuations\u00bb et soulign\u00e9 qu\u2019une cha\u00eene de solidarit\u00e9 \u00abs\u2019\u00e9tait mise en place pour prendre en charge les sinistr\u00e9s. L\u2019immeuble de quatre \u00e9tages o\u00f9 l\u2019explosion a eu lieu comptait 20 logements, dont 19 occup\u00e9s. Tous ses habitants ont \u00e9t\u00e9 \u00e9vacu\u00e9s et ils ne pourront pas le r\u00e9int\u00e9grer dans l\u2019imm\u00e9diat\u00bb. Le p\u00e9rim\u00e8tre va \u00eatre gel\u00e9 pendant le temps n\u00e9cessaire aux constatations, a dit le ministre.<\/p>\n","protected":false},"excerpt":{"rendered":"Deux enfants, \u00e2g\u00e9s de trois et cinq ans, sont morts dans l\u2019accident survenu lundi apr\u00e8s-midi. Une personne est&hellip;\n","protected":false},"author":2,"featured_media":602986,"comment_status":"","ping_status":"","sticky":false,"template":"","format":"standard","meta":{"footnotes":""},"categories":[2],"tags":[11,2738,2688,1011,27,12],"class_list":{"0":"post-602985","1":"post","2":"type-post","3":"status-publish","4":"format-standard","5":"has-post-thumbnail","7":"category-actualites","8":"tag-actualites","9":"tag-ain","10":"tag-explosion","11":"tag-fr","12":"tag-france","13":"tag-news"},"share_on_mastodon":{"url":"https:\/\/pubeurope.com\/@fr\/115729304474688794","error":""},"_links":{"self":[{"href":"https:\/\/www.europesays.com\/fr\/wp-json\/wp\/v2\/posts\/602985","targetHints":{"allow":["GET"]}}],"collection":[{"href":"https:\/\/www.europesays.com\/fr\/wp-json\/wp\/v2\/posts"}],"about":[{"href":"https:\/\/www.europesays.com\/fr\/wp-json\/wp\/v2\/types\/post"}],"author":[{"embeddable":true,"href":"https:\/\/www.europesays.com\/fr\/wp-json\/wp\/v2\/users\/2"}],"replies":[{"embeddable":true,"href":"https:\/\/www.europesays.com\/fr\/wp-json\/wp\/v2\/comments?post=602985"}],"version-history":[{"count":0,"href":"https:\/\/www.europesays.com\/fr\/wp-json\/wp\/v2\/posts\/602985\/revisions"}],"wp:featuredmedia":[{"embeddable":true,"href":"https:\/\/www.europesays.com\/fr\/wp-json\/wp\/v2\/media\/602986"}],"wp:attachment":[{"href":"https:\/\/www.europesays.com\/fr\/wp-json\/wp\/v2\/media?parent=602985"}],"wp:term":[{"taxonomy":"category","embeddable":true,"href":"https:\/\/www.europesays.com\/fr\/wp-json\/wp\/v2\/categories?post=602985"},{"taxonomy":"post_tag","embeddable":true,"href":"https:\/\/www.europesays.com\/fr\/wp-json\/wp\/v2\/tags?post=602985"}],"curies":[{"name":"wp","href":"https:\/\/api.w.org\/{rel}","templated":true}]}}