{"id":602987,"date":"2025-12-16T12:43:17","date_gmt":"2025-12-16T12:43:17","guid":{"rendered":"https:\/\/www.europesays.com\/fr\/602987\/"},"modified":"2025-12-16T12:43:17","modified_gmt":"2025-12-16T12:43:17","slug":"qui-fait-appel-du-jugement-et-pourquoi","status":"publish","type":"post","link":"https:\/\/www.europesays.com\/fr\/602987\/","title":{"rendered":"qui fait appel du jugement et pourquoi\u00a0?"},"content":{"rendered":"<p>\u00ab\u00a0Il se montre bien peu capable d\u2019empathie tant il est autocentr\u00e9 sur sa d\u00e9fense, persuad\u00e9 d\u2019\u00eatre la principale victime d\u2019un complot. Tant il semble encore aveugl\u00e9 par ses ambitions politiques et son d\u00e9sir de pouvoir\u00a0\u00bb. Dans leurs motivations, les juges du tribunal correctionnel de Lyon n\u2019ont pas \u00e9t\u00e9 tendres avec Ga\u00ebl Perdiau.<\/p>\n<p>Une ligne de d\u00e9fense inchang\u00e9e pour l&rsquo;ex-maire<\/p>\n<p>L\u2019ex-maire de Saint-Etienne, comme il l\u2019avait annonc\u00e9 d\u00e8s sa sortie de la salle d\u2019audience, a fait appel de la d\u00e9cision le lendemain du d\u00e9lib\u00e9r\u00e9. Depuis, sa ligne de d\u00e9fense est rest\u00e9e inchang\u00e9e\u00a0: l\u2019homme est innocent, et entend le d\u00e9montrer en appel. Contact\u00e9, son avocat lyonnais Jean-F\u00e9lix Luciani d\u00e9clare \u00ab\u00a0ne pas encore souhaiter r\u00e9agir \u00e0 ce stade\u00a0\u00bb.<\/p>\n<p>Le p\u00e9naliste, tout juste de retour d\u2019une longue audience criminelle d\u2019un mois et demi devant la cour d\u2019assises d\u2019Aix-en-Provence, explique ne pas avoir eu le temps \u00ab\u00a0de lire et d\u2019analyser le jugement avec mes confr\u00e8res et M.Perdriau, et ne pas disposer du recul suffisant&#8230;<\/p>\n","protected":false},"excerpt":{"rendered":"\u00ab\u00a0Il se montre bien peu capable d\u2019empathie tant il est autocentr\u00e9 sur sa d\u00e9fense, persuad\u00e9 d\u2019\u00eatre la principale&hellip;\n","protected":false},"author":2,"featured_media":602988,"comment_status":"","ping_status":"","sticky":false,"template":"","format":"standard","meta":{"footnotes":""},"categories":[9653],"tags":[1111,11,42797,2430,271,272,7539,1777,674,274,107,1011,27,3367,12,316,25,4001,7538,4604],"class_list":{"0":"post-602987","1":"post","2":"type-post","3":"status-publish","4":"format-standard","5":"has-post-thumbnail","7":"category-saint-etienne","8":"tag-actu","9":"tag-actualites","10":"tag-affaire-perdriau","11":"tag-auvergne-rhone-alpes","12":"tag-crime","13":"tag-delit-et-contravention","14":"tag-edition-loire-sud","15":"tag-eu","16":"tag-europe","17":"tag-faits-divers-justice","18":"tag-fil-info","19":"tag-fr","20":"tag-france","21":"tag-loire","22":"tag-news","23":"tag-politique","24":"tag-republique-francaise","25":"tag-saint-etienne","26":"tag-saint-etienne-ville","27":"tag-selection-abonne"},"share_on_mastodon":{"url":"https:\/\/pubeurope.com\/@fr\/115729308422855917","error":""},"_links":{"self":[{"href":"https:\/\/www.europesays.com\/fr\/wp-json\/wp\/v2\/posts\/602987","targetHints":{"allow":["GET"]}}],"collection":[{"href":"https:\/\/www.europesays.com\/fr\/wp-json\/wp\/v2\/posts"}],"about":[{"href":"https:\/\/www.europesays.com\/fr\/wp-json\/wp\/v2\/types\/post"}],"author":[{"embeddable":true,"href":"https:\/\/www.europesays.com\/fr\/wp-json\/wp\/v2\/users\/2"}],"replies":[{"embeddable":true,"href":"https:\/\/www.europesays.com\/fr\/wp-json\/wp\/v2\/comments?post=602987"}],"version-history":[{"count":0,"href":"https:\/\/www.europesays.com\/fr\/wp-json\/wp\/v2\/posts\/602987\/revisions"}],"wp:featuredmedia":[{"embeddable":true,"href":"https:\/\/www.europesays.com\/fr\/wp-json\/wp\/v2\/media\/602988"}],"wp:attachment":[{"href":"https:\/\/www.europesays.com\/fr\/wp-json\/wp\/v2\/media?parent=602987"}],"wp:term":[{"taxonomy":"category","embeddable":true,"href":"https:\/\/www.europesays.com\/fr\/wp-json\/wp\/v2\/categories?post=602987"},{"taxonomy":"post_tag","embeddable":true,"href":"https:\/\/www.europesays.com\/fr\/wp-json\/wp\/v2\/tags?post=602987"}],"curies":[{"name":"wp","href":"https:\/\/api.w.org\/{rel}","templated":true}]}}