{"id":602989,"date":"2025-12-16T12:44:16","date_gmt":"2025-12-16T12:44:16","guid":{"rendered":"https:\/\/www.europesays.com\/fr\/602989\/"},"modified":"2025-12-16T12:44:16","modified_gmt":"2025-12-16T12:44:16","slug":"las-saint-etienne-pour-lol-lyonnes","status":"publish","type":"post","link":"https:\/\/www.europesays.com\/fr\/602989\/","title":{"rendered":"l&rsquo;AS Saint-Etienne pour l\u2019OL Lyonnes"},"content":{"rendered":"<p>                            <img width=\"770\" height=\"433\" src=\"https:\/\/www.europesays.com\/fr\/wp-content\/uploads\/2025\/12\/AFP__20250921__doucelin-sainteti250920_npAoe__v1__HighRes__SaintEtienneVOlLyonArkema-770x433.jpg\" class=\"attachment-article size-article wp-post-image\" alt=\"Ada Hegerberg lors d'AS Saint-Etienne - OL Lyonnes\" decoding=\"async\" fetchpriority=\"high\"  \/><\/p>\n<p>Ada Hegerberg lors d\u2019AS Saint-Etienne \u2013 OL Lyonnes (Photo by Romain Doucelin\/NurPhoto) (Photo by Romain Doucelin \/ NurPhoto via AFP)<\/p>\n<p>Pour son entr\u00e9e en lice en Coupe de France f\u00e9minine, l\u2019OL Lyonnes n\u2019a pas forc\u00e9ment \u00e9t\u00e9 \u00e9pargn\u00e9. Les Lyonnaises auront le droit \u00e0 un d\u00e9placement dans le Forez pour affronter l\u2019AS Saint-\u00c9tienne en 16es de finale.<\/p>\n<p>Un derby pour lancer l\u2019ann\u00e9e 2026. Ce mardi midi, l\u2019<strong>OL Lyonnes<\/strong>\u00a0a d\u00e9couvert quel sera son adversaire pour son entr\u00e9e en lice en Coupe de France. Le hasard a plut\u00f4t bien fait les choses car il y aura un nouveau derby contre l\u2019<strong>AS Saint-\u00c9tienne<\/strong>. Comme en septembre dernier, ce sera du c\u00f4t\u00e9 de la Loire avec un 16e de finale qui se tiendra le week-end du 11 janvier. Cela marquera le retour \u00e0 la comp\u00e9tition pour les joueuses de Jonatan\u00a0<strong><a href=\"https:\/\/www.olympique-et-lyonnais.com\/giraldez-ol-lyonnes-je-suis-quelquun-qui-a-tout-le-temps-besoin-de-penser-et-reflechir,382560.html\" target=\"_blank\" rel=\"noopener\">Giraldez<\/a><\/strong>\u00a0apr\u00e8s une tr\u00eave de deux semaines.<\/p>\n<p>Un mois de janvier d\u00e9j\u00e0 bien cors\u00e9<\/p>\n<p>Ce premier match en Coupe de France marquera le point de d\u00e9part d\u2019une seconde partie de saison qui s\u2019annonce intense. Rien que sur le mois de janvier, l\u2019OL Lyonnes affrontera notamment le<strong>\u00a0Paris FC<\/strong>\u00a0et le\u00a0<strong>PSG<\/strong>\u00a0en Premi\u00e8re Ligue et retrouveront les Vertes pour le match retour de championnat \u00e0 D\u00e9cines le week-end du 7 f\u00e9vrier.<\/p>\n<p>\t\t\t\t\t<a href=\"https:\/\/www.olympique-et-lyonnais.com\/ol-orel-mangala-a-commence-a-retoucher-le-ballon,386781.html\" title=\"OL : Orel Mangala a commenc\u00e9 \u00e0 retoucher le ballon\" target=\"_blank\" rel=\"noopener\"><img loading=\"lazy\" width=\"580\" height=\"326\" src=\"https:\/\/www.europesays.com\/fr\/wp-content\/uploads\/2025\/12\/IMG_2924-580x326.jpg\" class=\"attachment-actularge size-actularge wp-post-image\" alt=\"Orel Mangala \u00e0 l'entra\u00eenement de l'OL\" decoding=\"async\"  \/>\t\t\t\t\t<\/a><\/p>\n","protected":false},"excerpt":{"rendered":"Ada Hegerberg lors d\u2019AS Saint-Etienne \u2013 OL Lyonnes (Photo by Romain Doucelin\/NurPhoto) (Photo by Romain Doucelin \/ NurPhoto&hellip;\n","protected":false},"author":2,"featured_media":602990,"comment_status":"","ping_status":"","sticky":false,"template":"","format":"standard","meta":{"footnotes":""},"categories":[9653],"tags":[1111,11,2430,1777,674,1011,27,12,241,242,25,4001],"class_list":{"0":"post-602989","1":"post","2":"type-post","3":"status-publish","4":"format-standard","5":"has-post-thumbnail","7":"category-saint-etienne","8":"tag-actu","9":"tag-actualites","10":"tag-auvergne-rhone-alpes","11":"tag-eu","12":"tag-europe","13":"tag-fr","14":"tag-france","15":"tag-news","16":"tag-ol","17":"tag-ol-feminin","18":"tag-republique-francaise","19":"tag-saint-etienne"},"share_on_mastodon":{"url":"https:\/\/pubeurope.com\/@fr\/115729313642571971","error":""},"_links":{"self":[{"href":"https:\/\/www.europesays.com\/fr\/wp-json\/wp\/v2\/posts\/602989","targetHints":{"allow":["GET"]}}],"collection":[{"href":"https:\/\/www.europesays.com\/fr\/wp-json\/wp\/v2\/posts"}],"about":[{"href":"https:\/\/www.europesays.com\/fr\/wp-json\/wp\/v2\/types\/post"}],"author":[{"embeddable":true,"href":"https:\/\/www.europesays.com\/fr\/wp-json\/wp\/v2\/users\/2"}],"replies":[{"embeddable":true,"href":"https:\/\/www.europesays.com\/fr\/wp-json\/wp\/v2\/comments?post=602989"}],"version-history":[{"count":0,"href":"https:\/\/www.europesays.com\/fr\/wp-json\/wp\/v2\/posts\/602989\/revisions"}],"wp:featuredmedia":[{"embeddable":true,"href":"https:\/\/www.europesays.com\/fr\/wp-json\/wp\/v2\/media\/602990"}],"wp:attachment":[{"href":"https:\/\/www.europesays.com\/fr\/wp-json\/wp\/v2\/media?parent=602989"}],"wp:term":[{"taxonomy":"category","embeddable":true,"href":"https:\/\/www.europesays.com\/fr\/wp-json\/wp\/v2\/categories?post=602989"},{"taxonomy":"post_tag","embeddable":true,"href":"https:\/\/www.europesays.com\/fr\/wp-json\/wp\/v2\/tags?post=602989"}],"curies":[{"name":"wp","href":"https:\/\/api.w.org\/{rel}","templated":true}]}}