{"id":602999,"date":"2025-12-16T12:49:20","date_gmt":"2025-12-16T12:49:20","guid":{"rendered":"https:\/\/www.europesays.com\/fr\/602999\/"},"modified":"2025-12-16T12:49:20","modified_gmt":"2025-12-16T12:49:20","slug":"repas-gastronomiques-fetes-de-la-convivialite-ou-noel-solidaire-pour-que-les-plus-precaires-ne-soient-pas-oublies-a-montpellier","status":"publish","type":"post","link":"https:\/\/www.europesays.com\/fr\/602999\/","title":{"rendered":"Repas gastronomiques, f\u00eates de la convivialit\u00e9 ou No\u00ebl solidaire pour que les plus pr\u00e9caires ne soient pas oubli\u00e9s \u00e0 Montpellier"},"content":{"rendered":"<p>\n                                                                Initiatives priv\u00e9es, associatives ou institutionnelles, le tissu solidaire de Montpellier s\u2019active pour rompre l\u2019isolement et offrir la chaleur des f\u00eates de fin d\u2019ann\u00e9e aux plus pr\u00e9caires.\n                            <\/p>\n<p>Rosette, Angelina et Mich\u00e8le ont beau s\u2019\u00eatre rencontr\u00e9es cinq minutes plus t\u00f4t, les trois femmes sont d\u00e9j\u00e0 en grande discussion. Et ce n\u2019est pas la diff\u00e9rence d\u2019\u00e2ge qui va les arr\u00eater. La premi\u00e8re est pensionnaire de la maison de retraite des Petites s\u0153urs des pauvres, dans le quartier des Beaux-Arts. l\u2019Institution, implant\u00e9e \u00e0 Montpellier depuis 1852, accueille des r\u00e9sidents \u00e0 tr\u00e8s faibles moyens et des religieux \u00e0 la retraite.<\/p>\n<p>Les secondes sont \u00e9tudiantes, respectivement originaires du Liban et du Cameroun, et accompagn\u00e9es par la Mission \u00e9tudiante de Montpellier. Comme une quinzaine d\u2019autres convives, elles ont \u00e9t\u00e9 invit\u00e9es \u00e0 partager un repas solidaire au restaurant gastronomique Le Petit Jardin, ce samedi 13\u00a0d\u00e9cembre.<\/p>\n<p>L\u2019op\u00e9ration \u00ab\u00a0qui fait du bien \u00e0 tout le monde\u00a0\u00bb du Petit Jardin<\/p>\n<p>Une initiative men\u00e9e depuis deux ans par le patron des lieux, le chef Cl\u00e9ment Gueudr\u00e9. \u00ab\u00a0J\u2019ai longtemps travaill\u00e9 \u00e0 Lyon o\u00f9 c\u2019est une tradition tr\u00e8s ancr\u00e9e. Moi, ma famille, mes \u00e9quipes, on mange bien. Nous avons la chance de travailler des produits d\u2019exception. Quand on est dans notre situation, il faut penser aux autres.\u00a0C\u2019est une op\u00e9ration que l\u2019on fait avec le c\u0153ur, et qui fait du bien \u00e0 tout le monde\u00a0\u00bb, explique le jeune entrepreneur. Sandrine Coffre, sa maman, est en charge de l\u2019accueil. Son chef de cuisine, Benjamin Egret, est lui-m\u00eame all\u00e9 chercher les r\u00e9sidents de l\u2019Ehpad.<\/p>\n<p>        <img decoding=\"async\" class=\"std-img__img responsive-img\" src=\"https:\/\/www.europesays.com\/fr\/wp-content\/uploads\/2025\/12\/1765889360_920_image.jpg\" alt=\"Rosette et Angelica se sont rencontr\u00e9es autour d\u2019un repas solidaire, au Petit Jardin.\"\/><\/p>\n<p>                Rosette et Angelica se sont rencontr\u00e9es autour d\u2019un repas solidaire, au Petit Jardin.<br \/>\n                                    MIDI LIBRE &#8211; TOM SERRANO<\/p>\n<p>Install\u00e9e sous la verri\u00e8re de l\u2019historique \u00e9tablissement, avec vue imprenable sur la cath\u00e9drale Saint-Pierre, Rosette ne boude pas son plaisir. \u00ab\u00a0Je profite\u00a0! J\u2019aime ce c\u00f4t\u00e9 interg\u00e9n\u00e9rationnel. J\u2019aime qu\u2019il y ait de la vie autour de moi. Avec ce cadre exceptionnel et ces \u00e9changes, on est compl\u00e8tement dans l\u2019esprit de No\u00ebl\u00a0\u00bb, confie la religieuse, ancienne infirmi\u00e8re. Face \u00e0 elle, Mich\u00e8le acquiesce. Elle qui s\u2019est tourn\u00e9e vers la Mission \u00e9tudiante \u00e0 son arriv\u00e9e \u00e0 Montpellier, face \u00e0 l\u2019impossibilit\u00e9 de trouver un logement, prend ce repas \u00ab\u00a0comme un cadeau en avance\u00a0!\u00a0\u00bb<\/p>\n<p>Op\u00e9ration bien-\u00eatre et f\u00eate de la convivialit\u00e9 pour les plus pr\u00e9caires<\/p>\n<p>Si les Montpelli\u00e9rains accompagn\u00e9s par l\u2019association R\u00e9duire les risques\u00a0n\u2019auront peut-\u00eatre pas acc\u00e8s \u00e0 un repas gastronomique en cinq temps, ce vendredi 19\u00a0d\u00e9cembre, il n\u2019y aura pas moins de chaleur humaine lors de leur\u00a0f\u00eate de la convivialit\u00e9. Le Centre d\u2019accueil et d\u2019accompagnement \u00e0 la r\u00e9duction des risques pour usagers de drogues (Carud) reconduit son \u00e9v\u00e9nement, d\u00e9cisif pour des publics en tr\u00e8s grande pr\u00e9carit\u00e9.<\/p>\n<p>\u00ab\u00a0La quasi-totalit\u00e9 des personnes que nous accompagnons\u00a0vivent dans des squats ou des tentes, et sont en rupture avec leurs proches. Cette f\u00eate de la convivialit\u00e9, c\u2019est une bulle. Une parenth\u00e8se festive qui cr\u00e9e du lien social, d\u00e9taille Audrey Nehlig, directrice de la structure cr\u00e9\u00e9e en 1993, qui accompagne 947 femmes et fournit du mat\u00e9riel de r\u00e9duction des risques aux consommateurs masculins.\u00a0C\u2019est aussi un\u00a0moment pour rompre l\u2019isolement, \u00e0 travers lequel nous essayons de booster la confiance et l\u2019image de soi de nos b\u00e9n\u00e9ficiaires.\u00a0\u00bb<\/p>\n<p>2\u00a0000 convives au\u00a0No\u00ebl solidaire de la Ville<\/p>\n<p>Cette ann\u00e9e, Entraide SDF sera aussi de la f\u00eate. La veille de l\u2019\u00e9v\u00e9nement, ils proposeront une op\u00e9ration bien-\u00eatre, avec coiffure et massages. \u00ab\u00a0De quoi se pr\u00e9parer \u00e0 la f\u00eate comme tout un chacun le ferait pour son r\u00e9veillon de No\u00ebl\u2026\u00a0\u00bb\u00a0Une centaine de personnes sont attendues par R\u00e9duire les risques. Ils seront beaucoup plus le 24\u00a0d\u00e9cembre, au No\u00ebl Solidaire de la Ville.<\/p>\n<p>En collaboration avec l\u2019Association humanitaire de Montpellier, qui livre chaque soir 250 repas, la municipalit\u00e9 accueillera 2000 convives dans la salle des rencontres de l\u2019H\u00f4tel de ville. \u00ab\u00a0On a commenc\u00e9 en 2001\u00a0et le succ\u00e8s est l\u00e0. Cette ann\u00e9e, nous irons \u00e9galement distribuer des repas de f\u00eate \u00e0 plusieurs centaines de personnes qui ne peuvent pas se d\u00e9placer, identifi\u00e9es par le CCAS\u00a0\u00bb, se r\u00e9jouit\u00a0Michel Calvo, l\u2019\u00e9lu en charge de la solidarit\u00e9 et de la lutte contre l\u2019exclusion.<\/p>\n<p>Priv\u00e9es, associatives ou institutionnelles, les initiatives solidaires se multiplient \u00e0 Montpellier pour que personne, ou presque, ne soit oubli\u00e9 pendant les f\u00eates.<\/p>\n","protected":false},"excerpt":{"rendered":"Initiatives priv\u00e9es, associatives ou institutionnelles, le tissu solidaire de Montpellier s\u2019active pour rompre l\u2019isolement et offrir la chaleur&hellip;\n","protected":false},"author":2,"featured_media":603000,"comment_status":"","ping_status":"","sticky":false,"template":"","format":"standard","meta":{"footnotes":""},"categories":[9599],"tags":[1111,11,1777,674,1011,27,7089,2208,12,2680,25,1857,1932],"class_list":{"0":"post-602999","1":"post","2":"type-post","3":"status-publish","4":"format-standard","5":"has-post-thumbnail","7":"category-montpellier","8":"tag-actu","9":"tag-actualites","10":"tag-eu","11":"tag-europe","12":"tag-fr","13":"tag-france","14":"tag-herault","15":"tag-montpellier","16":"tag-news","17":"tag-occitanie","18":"tag-republique-francaise","19":"tag-sociu00e9tu00e9","20":"tag-solidaritu00e9"},"share_on_mastodon":{"url":"https:\/\/pubeurope.com\/@fr\/115729332836994169","error":""},"_links":{"self":[{"href":"https:\/\/www.europesays.com\/fr\/wp-json\/wp\/v2\/posts\/602999","targetHints":{"allow":["GET"]}}],"collection":[{"href":"https:\/\/www.europesays.com\/fr\/wp-json\/wp\/v2\/posts"}],"about":[{"href":"https:\/\/www.europesays.com\/fr\/wp-json\/wp\/v2\/types\/post"}],"author":[{"embeddable":true,"href":"https:\/\/www.europesays.com\/fr\/wp-json\/wp\/v2\/users\/2"}],"replies":[{"embeddable":true,"href":"https:\/\/www.europesays.com\/fr\/wp-json\/wp\/v2\/comments?post=602999"}],"version-history":[{"count":0,"href":"https:\/\/www.europesays.com\/fr\/wp-json\/wp\/v2\/posts\/602999\/revisions"}],"wp:featuredmedia":[{"embeddable":true,"href":"https:\/\/www.europesays.com\/fr\/wp-json\/wp\/v2\/media\/603000"}],"wp:attachment":[{"href":"https:\/\/www.europesays.com\/fr\/wp-json\/wp\/v2\/media?parent=602999"}],"wp:term":[{"taxonomy":"category","embeddable":true,"href":"https:\/\/www.europesays.com\/fr\/wp-json\/wp\/v2\/categories?post=602999"},{"taxonomy":"post_tag","embeddable":true,"href":"https:\/\/www.europesays.com\/fr\/wp-json\/wp\/v2\/tags?post=602999"}],"curies":[{"name":"wp","href":"https:\/\/api.w.org\/{rel}","templated":true}]}}