{"id":60300,"date":"2025-04-28T22:11:21","date_gmt":"2025-04-28T22:11:21","guid":{"rendered":"https:\/\/www.europesays.com\/fr\/60300\/"},"modified":"2025-04-28T22:11:21","modified_gmt":"2025-04-28T22:11:21","slug":"le-niort-rc-de-retour-a-tours-pour-la-finale-face-a-rennes","status":"publish","type":"post","link":"https:\/\/www.europesays.com\/fr\/60300\/","title":{"rendered":"le Niort RC de retour \u00e0 Tours pour la finale face \u00e0 Rennes"},"content":{"rendered":"<p>L\u2019information circulait d\u00e8s la fin de la demi-finale, dimanche 27\u00a0avril, elle est d\u00e9sormais confirm\u00e9e par le site de la f\u00e9d\u00e9ration fran\u00e7aise de rugby, ce lundi 28\u00a0avril. Le Niort RC sera de retour au stade Tonnell\u00e9, de Tours, dimanche 4\u00a0mai, pour la finale face \u00e0 Rennes. Le coup d\u2019envoi sera donn\u00e9 \u00e0 15\u00a0h.<\/p>\n<p>La capacit\u00e9 du stade est de 5.000 spectateurs, ils \u00e9taient plus de 4.000 <a target=\"_self\" href=\"https:\/\/www.lanouvellerepublique.fr\/niort\/direct-nationale-2-demi-finale-le-niort-rc-joue-sa-place-en-finale-face-a-orleans-1745738114\" rel=\"noopener\">pour le match entre Niort et Orl\u00e9ans (30-12)<\/a>.<\/p>\n","protected":false},"excerpt":{"rendered":"L\u2019information circulait d\u00e8s la fin de la demi-finale, dimanche 27\u00a0avril, elle est d\u00e9sormais confirm\u00e9e par le site de&hellip;\n","protected":false},"author":2,"featured_media":60301,"comment_status":"","ping_status":"","sticky":false,"template":"","format":"standard","meta":{"footnotes":""},"categories":[2821],"tags":[1392,1111,11,829,2545,1777,674,1011,27,12,6752,15727,584,25,479,60,1390],"class_list":{"0":"post-60300","1":"post","2":"type-post","3":"status-publish","4":"format-standard","5":"has-post-thumbnail","7":"category-rennes","8":"tag-a-la-une-local","9":"tag-actu","10":"tag-actualites","11":"tag-bretagne","12":"tag-deux-sevres","13":"tag-eu","14":"tag-europe","15":"tag-fr","16":"tag-france","17":"tag-news","18":"tag-niort","19":"tag-niort-rc","20":"tag-rennes","21":"tag-republique-francaise","22":"tag-rugby","23":"tag-sports","24":"tag-tours"},"share_on_mastodon":{"url":"https:\/\/pubeurope.com\/@fr\/114417885793694347","error":""},"_links":{"self":[{"href":"https:\/\/www.europesays.com\/fr\/wp-json\/wp\/v2\/posts\/60300","targetHints":{"allow":["GET"]}}],"collection":[{"href":"https:\/\/www.europesays.com\/fr\/wp-json\/wp\/v2\/posts"}],"about":[{"href":"https:\/\/www.europesays.com\/fr\/wp-json\/wp\/v2\/types\/post"}],"author":[{"embeddable":true,"href":"https:\/\/www.europesays.com\/fr\/wp-json\/wp\/v2\/users\/2"}],"replies":[{"embeddable":true,"href":"https:\/\/www.europesays.com\/fr\/wp-json\/wp\/v2\/comments?post=60300"}],"version-history":[{"count":0,"href":"https:\/\/www.europesays.com\/fr\/wp-json\/wp\/v2\/posts\/60300\/revisions"}],"wp:featuredmedia":[{"embeddable":true,"href":"https:\/\/www.europesays.com\/fr\/wp-json\/wp\/v2\/media\/60301"}],"wp:attachment":[{"href":"https:\/\/www.europesays.com\/fr\/wp-json\/wp\/v2\/media?parent=60300"}],"wp:term":[{"taxonomy":"category","embeddable":true,"href":"https:\/\/www.europesays.com\/fr\/wp-json\/wp\/v2\/categories?post=60300"},{"taxonomy":"post_tag","embeddable":true,"href":"https:\/\/www.europesays.com\/fr\/wp-json\/wp\/v2\/tags?post=60300"}],"curies":[{"name":"wp","href":"https:\/\/api.w.org\/{rel}","templated":true}]}}