{"id":603001,"date":"2025-12-16T12:50:14","date_gmt":"2025-12-16T12:50:14","guid":{"rendered":"https:\/\/www.europesays.com\/fr\/603001\/"},"modified":"2025-12-16T12:50:14","modified_gmt":"2025-12-16T12:50:14","slug":"manifestations-dagriculteurs-entre-nimes-et-montpellier-sur-a9-et-a709-ce-lundi-matin","status":"publish","type":"post","link":"https:\/\/www.europesays.com\/fr\/603001\/","title":{"rendered":"Manifestations d&rsquo;agriculteurs entre N\u00eemes et Montpellier sur A9 et A709 ce lundi matin"},"content":{"rendered":"<p itemprop=\"description\">Ce lundi matin, la circulation sur l\u2019A709 reste sous tension en raison des mobilisations agricoles. L\u2019\u00e9changeur de Vendargues (n\u00b028) est ferm\u00e9, interdisant entr\u00e9es et sorties. Des agriculteurs perturbent \u00e9galement la circulation sur l\u2019A9 avec une manifestation \u00e0 l\u2019\u00e9changeur Gallargues-Aigues-Mortes (n\u00b026). <\/p>\n<p>        La mobilisation des agriculteurs se poursuit ce lundi matin dans la r\u00e9gion de Montpellier, avec un nouveau point de tension sur l\u2019autoroute A9. Une manifestation est en cours au niveau de l\u2019\u00e9changeur Gallargues-Aigues-Mortes, situ\u00e9 entre N\u00eemes et Montpellier. Le passage s&rsquo;y effectue difficilement.<\/p>\n<p>L\u2019autoroute A709, axe majeur pour rejoindre la ville, reste sous surveillance en raison de ces m\u00eame manifestations agricoles. L\u2019\u00e9changeur de Vendargues (n\u00b028) est ferm\u00e9 depuis dimanche soir par arr\u00eat\u00e9 pr\u00e9fectoral, avec interdiction d\u2019entrer ou de sortir jusqu\u2019\u00e0 7h30. Cette mesure vise \u00e0 pr\u00e9venir de nouveaux blocages apr\u00e8s une journ\u00e9e de fortes perturbations.<\/p>\n<p>Les autorit\u00e9s recommandent d\u2019\u00e9viter l\u2019A709 ce lundi matin et de privil\u00e9gier des itin\u00e9raires alternatifs. Les usagers venant de N\u00eemes ou Lunel pourraient rencontrer des difficult\u00e9s d\u00e8s les premi\u00e8res heures, notamment en cas de filtrage ou de blocage au niveau des \u00e9changeurs.<\/p>\n<p>Dimanche, plusieurs op\u00e9rations escargot et coupures temporaires avaient d\u00e9j\u00e0 paralys\u00e9 la circulation entre Vendargues et Montpellier Est.    <\/p>\n","protected":false},"excerpt":{"rendered":"Ce lundi matin, la circulation sur l\u2019A709 reste sous tension en raison des mobilisations agricoles. L\u2019\u00e9changeur de Vendargues&hellip;\n","protected":false},"author":2,"featured_media":603002,"comment_status":"","ping_status":"","sticky":false,"template":"","format":"standard","meta":{"footnotes":""},"categories":[9599],"tags":[71541,1111,11,2572,3542,2834,1777,674,1011,27,9865,1272,4659,2208,12,2682,2680,25,3138],"class_list":{"0":"post-603001","1":"post","2":"type-post","3":"status-publish","4":"format-standard","5":"has-post-thumbnail","7":"category-montpellier","8":"tag-a709","9":"tag-actu","10":"tag-actualites","11":"tag-agriculteurs","12":"tag-circulation","13":"tag-entre","14":"tag-eu","15":"tag-europe","16":"tag-fr","17":"tag-france","18":"tag-lundi","19":"tag-manifestations","20":"tag-matin","21":"tag-montpellier","22":"tag-news","23":"tag-nimes","24":"tag-occitanie","25":"tag-republique-francaise","26":"tag-reste"},"share_on_mastodon":{"url":"https:\/\/pubeurope.com\/@fr\/115729336014781227","error":""},"_links":{"self":[{"href":"https:\/\/www.europesays.com\/fr\/wp-json\/wp\/v2\/posts\/603001","targetHints":{"allow":["GET"]}}],"collection":[{"href":"https:\/\/www.europesays.com\/fr\/wp-json\/wp\/v2\/posts"}],"about":[{"href":"https:\/\/www.europesays.com\/fr\/wp-json\/wp\/v2\/types\/post"}],"author":[{"embeddable":true,"href":"https:\/\/www.europesays.com\/fr\/wp-json\/wp\/v2\/users\/2"}],"replies":[{"embeddable":true,"href":"https:\/\/www.europesays.com\/fr\/wp-json\/wp\/v2\/comments?post=603001"}],"version-history":[{"count":0,"href":"https:\/\/www.europesays.com\/fr\/wp-json\/wp\/v2\/posts\/603001\/revisions"}],"wp:featuredmedia":[{"embeddable":true,"href":"https:\/\/www.europesays.com\/fr\/wp-json\/wp\/v2\/media\/603002"}],"wp:attachment":[{"href":"https:\/\/www.europesays.com\/fr\/wp-json\/wp\/v2\/media?parent=603001"}],"wp:term":[{"taxonomy":"category","embeddable":true,"href":"https:\/\/www.europesays.com\/fr\/wp-json\/wp\/v2\/categories?post=603001"},{"taxonomy":"post_tag","embeddable":true,"href":"https:\/\/www.europesays.com\/fr\/wp-json\/wp\/v2\/tags?post=603001"}],"curies":[{"name":"wp","href":"https:\/\/api.w.org\/{rel}","templated":true}]}}