{"id":603005,"date":"2025-12-16T12:52:11","date_gmt":"2025-12-16T12:52:11","guid":{"rendered":"https:\/\/www.europesays.com\/fr\/603005\/"},"modified":"2025-12-16T12:52:11","modified_gmt":"2025-12-16T12:52:11","slug":"les-prix-des-ble-tendre-francais-ont-recule-de-250-e-t-sur-la-semaine-a-185-e-t-en-rendu-rouen","status":"publish","type":"post","link":"https:\/\/www.europesays.com\/fr\/603005\/","title":{"rendered":"Les prix des bl\u00e9 tendre fran\u00e7ais ont recul\u00e9 de 2,50 \u20ac\/t sur la semaine, \u00e0 185 \u20ac\/t en rendu Rouen"},"content":{"rendered":"<p>Les prix du bl\u00e9 tendre, de l\u2019orge fourrag\u00e8re, de l\u2019orge brassicole et du ma\u00efs sont en retrait sur le march\u00e9 physique fran\u00e7ais, entre le 8 et le 15 d\u00e9cembre 2025. Ceux du bl\u00e9 dur ont gagn\u00e9 du terrain dans le m\u00eame temps. Attention, le rapport de C\u00e9r\u00e9\u2019Obs ne repara\u00eetra maintenant qu\u2019en d\u00e9but d\u2019ann\u00e9e prochaine.\u00a0 \u00a0<\/p>\n<p>Les prix du bl\u00e9 tendre\u00a0ont perdu du terrain, concurrenc\u00e9 par l\u2019origine Argentine<\/p>\n<p>Le <strong>prix du bl\u00e9 tendre en rendu Rouen<\/strong>, sa place de r\u00e9f\u00e9rence, s\u2019\u00e9levait, le 15 d\u00e9cembre 2025, \u00e0 185 \u20ac\/t sur la p\u00e9riode d\u00e9cembre-mars, perdant 2,50 \u20ac\/t sur la semaine, dans le sillage des march\u00e9s \u00e0 terme d\u2019Euronext et du CBOT. Le rapport de l\u2019USDA publi\u00e9 mardi 9 d\u00e9cembre sur l\u2019offre et la demande mondiale a confirm\u00e9 les chiffres de production \u00e9lev\u00e9s dans le monde. Les moissons canadienne (dans le sillage de StatCan), australienne et argentine ont notamment \u00e9t\u00e9 r\u00e9vis\u00e9es en hausse. En Argentine, le temps sec favorise le d\u00e9roulement de la r\u00e9colte. Cela concourt bien s\u00fbr au mouvement baissier sur les prix sur les march\u00e9s \u00e0 terme.\u00a0\u00a0<\/p>\n<p>Les cotations du bl\u00e9 dur\u00a0ont grimp\u00e9, malgr\u00e9 la r\u00e9vision \u00e0 la hausse de la r\u00e9colte canadienne<\/p>\n<p>Le <strong>prix du bl\u00e9 dur en rendu Port-La-Nouvelle<\/strong>, sa place de r\u00e9f\u00e9rence, valait, le 15 d\u00e9cembre 2025, 245 \u20ac\/t sur la p\u00e9riode janvier-mars, gagnant 5 \u20ac\/t sur la semaine. Et ce, malgr\u00e9 la r\u00e9vision en hausse de la r\u00e9colte canadienne par StatCan qui rassure les acheteurs italiens.\u00a0<\/p>\n<p>Les cours de l\u2019orge fourrag\u00e8re se sont repli\u00e9s, sur un march\u00e9 moins actif<\/p>\n<p>Le <strong>prix de l&rsquo;orge fourrag\u00e8re en rendu Rouen<\/strong>, sa place de r\u00e9f\u00e9rence, cotait, le 15 d\u00e9cembre 2025, 190 \u20ac\/t sur la p\u00e9riode janvier-mars, perdant de 3,50 \u20ac\/t sur la semaine. Les volumes s\u2019\u00e9puisent et l\u2019activit\u00e9 s\u2019essouffle.\u00a0<\/p>\n<p>Les prix de l\u2019orge de brasserie ont recul\u00e9, sur un march\u00e9 brassicole en berne<\/p>\n<p>Les <strong>prix de l\u2019orge de brasserie en FOB Creil<\/strong>, leur place de r\u00e9f\u00e9rence, s\u2019\u00e9tablissaient, le 15 d\u00e9cembre 2025, \u00e0 188 \u20ac\/t en Faro (vari\u00e9t\u00e9 d\u2019hiver) et 191 \u20ac\/t en Planet (vari\u00e9t\u00e9 d\u2019hiver) sur la p\u00e9riode janvier-juin, en repli de 0,50 \u20ac\/t sur la semaine. Le march\u00e9 s&rsquo;est r\u00e9v\u00e9l\u00e9 vendeur cette semaine. Cependant, le secteur de la bi\u00e8re n\u2019est pas porteur depuis plusieurs mois.\u00a0<\/p>\n<p>Les cotations du ma\u00efs se sont repli\u00e9es, la r\u00e9colte ukrainienne s\u2019annon\u00e7ant abondante<\/p>\n<p><strong>Le prix du ma\u00efs en rendu Bordeaux<\/strong>, sa place de r\u00e9f\u00e9rence, s\u2019\u00e9levait, le 15 d\u00e9cembre, \u00e0 181 \u20ac\/t sur la p\u00e9riode d\u00e9cembre-mars, perdant 1 \u20ac\/t sur la semaine. Et ce, dans le sillage du march\u00e9 \u00e0 terme d\u2019Euronext, le contrat ma\u00efs sur le CBOT se raffermissant dans le m\u00eame temps. Le niveau de la r\u00e9colte et des exportations ukrainiennes continue d\u2019interroger. Les sources ukrainiennes s\u2019attendent \u00e0 une production abondante, mais l\u2019USDA a r\u00e9vis\u00e9 en baisse sa pr\u00e9vision d\u2019exportations pour 2025-2026. Aux \u00c9tats-Unis, l\u2019USDA n\u2019a toujours pas modifi\u00e9 les rendements de ma\u00efs dans le pays, mais a l\u00e9g\u00e8rement abaiss\u00e9 la production mondiale.\u00a0<\/p>\n<p class=\"encadre\">Cet article a \u00e9t\u00e9 \u00e9crit par les journalistes sp\u00e9cialis\u00e9s de <a href=\"https:\/\/www.reussir.fr\/ladepeche\/?utm_source=article&amp;utm_medium=body&amp;utm_campaign=57e951d2-d5b7-49fd-bc19-389ef84c8fdc\" target=\"_blank\" rel=\"noopener\">La D\u00e9p\u00eache-Le Petit Meunier<\/a>, qui accompagne depuis 1938 les op\u00e9rateurs du commerce des grains.<\/p>\n","protected":false},"excerpt":{"rendered":"Les prix du bl\u00e9 tendre, de l\u2019orge fourrag\u00e8re, de l\u2019orge brassicole et du ma\u00efs sont en retrait sur&hellip;\n","protected":false},"author":2,"featured_media":330081,"comment_status":"","ping_status":"","sticky":false,"template":"","format":"standard","meta":{"footnotes":""},"categories":[9587],"tags":[1111,11,1777,674,1011,27,12,5161,25,9590],"class_list":{"0":"post-603005","1":"post","2":"type-post","3":"status-publish","4":"format-standard","5":"has-post-thumbnail","7":"category-rouen","8":"tag-actu","9":"tag-actualites","10":"tag-eu","11":"tag-europe","12":"tag-fr","13":"tag-france","14":"tag-news","15":"tag-normandie","16":"tag-republique-francaise","17":"tag-rouen"},"share_on_mastodon":{"url":"https:\/\/pubeurope.com\/@fr\/115729343767897567","error":""},"_links":{"self":[{"href":"https:\/\/www.europesays.com\/fr\/wp-json\/wp\/v2\/posts\/603005","targetHints":{"allow":["GET"]}}],"collection":[{"href":"https:\/\/www.europesays.com\/fr\/wp-json\/wp\/v2\/posts"}],"about":[{"href":"https:\/\/www.europesays.com\/fr\/wp-json\/wp\/v2\/types\/post"}],"author":[{"embeddable":true,"href":"https:\/\/www.europesays.com\/fr\/wp-json\/wp\/v2\/users\/2"}],"replies":[{"embeddable":true,"href":"https:\/\/www.europesays.com\/fr\/wp-json\/wp\/v2\/comments?post=603005"}],"version-history":[{"count":0,"href":"https:\/\/www.europesays.com\/fr\/wp-json\/wp\/v2\/posts\/603005\/revisions"}],"wp:featuredmedia":[{"embeddable":true,"href":"https:\/\/www.europesays.com\/fr\/wp-json\/wp\/v2\/media\/330081"}],"wp:attachment":[{"href":"https:\/\/www.europesays.com\/fr\/wp-json\/wp\/v2\/media?parent=603005"}],"wp:term":[{"taxonomy":"category","embeddable":true,"href":"https:\/\/www.europesays.com\/fr\/wp-json\/wp\/v2\/categories?post=603005"},{"taxonomy":"post_tag","embeddable":true,"href":"https:\/\/www.europesays.com\/fr\/wp-json\/wp\/v2\/tags?post=603005"}],"curies":[{"name":"wp","href":"https:\/\/api.w.org\/{rel}","templated":true}]}}