{"id":603014,"date":"2025-12-16T12:57:57","date_gmt":"2025-12-16T12:57:57","guid":{"rendered":"https:\/\/www.europesays.com\/fr\/603014\/"},"modified":"2025-12-16T12:57:57","modified_gmt":"2025-12-16T12:57:57","slug":"les-passagers-dun-tram-evacues-apres-un-incident-dans-le-tunnel-sous-la-gare","status":"publish","type":"post","link":"https:\/\/www.europesays.com\/fr\/603014\/","title":{"rendered":"les passagers d&rsquo;un tram \u00e9vacu\u00e9s apr\u00e8s un incident dans le tunnel sous la gare"},"content":{"rendered":"<p>                    Par<br \/>\n        <strong><br \/>\n            <a href=\"https:\/\/actu.fr\/auteur\/thomas-blanc\" title=\"Consulter tous les articles de Thomas Blanc\" target=\"_blank\" rel=\"noopener\">Thomas Blanc<\/a><br \/>\n                    <\/strong><\/p>\n<p>        Publi\u00e9 le<\/p>\n<p>            11 d\u00e9c. 2025 \u00e0 15h44        <\/p>\n<p>Le trafic des lignes de tramway A et D de la <a href=\"https:\/\/actu.fr\/tag\/compagnie-des-transports-strasbourgeois-cts\" target=\"_blank\" rel=\"noopener\">Compagnie de transports strasbourgeois (CTS)<\/a> a \u00e9t\u00e9 <strong>interrompu<\/strong> ce mercredi 11\u00a0d\u00e9cembre dans l\u2019apr\u00e8s-midi. En cause, \u00ab<strong>\u2009un incident technique<\/strong> dans le tunnel de <a href=\"https:\/\/actu.fr\/grand-est\/strasbourg_67482\/la-gare-de-strasbourg-va-se-transformer-jusqu-en-2050-voici-le-calendrier-des-travaux_62913354.html\" target=\"_blank\" rel=\"noopener\">la gare centrale<\/a>\u2009\u00bb.<\/p>\n<p>La client\u00e8le \u00e0 bord de la rame a fini le trajet \u00e0 pied<\/p>\n<p class=\" wall-content\">\u00c0 14h50, une rame de tramway <strong>a subi une panne<\/strong> dans le tunnel de la gare centrale reliant le quartier des Halles \u00e0 celui de Cronenbourg Est. \u00ab\u2009L\u2019intervention pour la faire sortir du tunnel et la ramener au d\u00e9p\u00f4t a n\u00e9cessit\u00e9 <strong>d\u2019interrompre la circulation<\/strong>\u2009\u00bb, nous fait savoir la CTS.<\/p>\n<p class=\" wall-content\">\n<p class=\" wall-content\">La client\u00e8le \u00e0 bord a d\u00fb quitter le tram pour <strong>rejoindre la sortie du tunnel \u00e0 pied <\/strong>\u00ab\u00a0en toute s\u00e9curit\u00e9\u00a0\u00bb.<\/p>\n<p class=\" wall-content\">Une fois la rame hors du tunnel, le trafic a pu reprendre.<\/p>\n<p class=\" wall-content\">Personnalisez votre actualit\u00e9 en ajoutant vos villes et m\u00e9dias en favori avec <a href=\"https:\/\/moncompte.actu.fr\" title=\"D\u00e9couvez Mon Actu\" rel=\"nofollow noopener\" data-trk=\"{&quot;cta&quot;:{&quot;action&quot;:&quot;https:\\\/\\\/moncompte.actu.fr&quot;,&quot;category&quot;:&quot;mon compte&quot;,&quot;from&quot;:&quot;article footer&quot;,&quot;name&quot;:&quot;Mon actu&quot;,&quot;type&quot;:&quot;cta&quot;}}\" target=\"_blank\">Mon Actu<\/a>.<\/p>\n","protected":false},"excerpt":{"rendered":"Par Thomas Blanc Publi\u00e9 le 11 d\u00e9c. 2025 \u00e0 15h44 Le trafic des lignes de tramway A et&hellip;\n","protected":false},"author":2,"featured_media":603015,"comment_status":"","ping_status":"","sticky":false,"template":"","format":"standard","meta":{"footnotes":""},"categories":[2820],"tags":[1111,11,7344,1777,674,1011,27,775,12,25,104,640,2803],"class_list":{"0":"post-603014","1":"post","2":"type-post","3":"status-publish","4":"format-standard","5":"has-post-thumbnail","7":"category-strasbourg","8":"tag-actu","9":"tag-actualites","10":"tag-compagnie-des-transports-strasbourgeois-cts","11":"tag-eu","12":"tag-europe","13":"tag-fr","14":"tag-france","15":"tag-grand-est","16":"tag-news","17":"tag-republique-francaise","18":"tag-societe","19":"tag-strasbourg","20":"tag-transport"},"share_on_mastodon":{"url":"https:\/\/pubeurope.com\/@fr\/115729367249141397","error":""},"_links":{"self":[{"href":"https:\/\/www.europesays.com\/fr\/wp-json\/wp\/v2\/posts\/603014","targetHints":{"allow":["GET"]}}],"collection":[{"href":"https:\/\/www.europesays.com\/fr\/wp-json\/wp\/v2\/posts"}],"about":[{"href":"https:\/\/www.europesays.com\/fr\/wp-json\/wp\/v2\/types\/post"}],"author":[{"embeddable":true,"href":"https:\/\/www.europesays.com\/fr\/wp-json\/wp\/v2\/users\/2"}],"replies":[{"embeddable":true,"href":"https:\/\/www.europesays.com\/fr\/wp-json\/wp\/v2\/comments?post=603014"}],"version-history":[{"count":0,"href":"https:\/\/www.europesays.com\/fr\/wp-json\/wp\/v2\/posts\/603014\/revisions"}],"wp:featuredmedia":[{"embeddable":true,"href":"https:\/\/www.europesays.com\/fr\/wp-json\/wp\/v2\/media\/603015"}],"wp:attachment":[{"href":"https:\/\/www.europesays.com\/fr\/wp-json\/wp\/v2\/media?parent=603014"}],"wp:term":[{"taxonomy":"category","embeddable":true,"href":"https:\/\/www.europesays.com\/fr\/wp-json\/wp\/v2\/categories?post=603014"},{"taxonomy":"post_tag","embeddable":true,"href":"https:\/\/www.europesays.com\/fr\/wp-json\/wp\/v2\/tags?post=603014"}],"curies":[{"name":"wp","href":"https:\/\/api.w.org\/{rel}","templated":true}]}}